{"id":1050,"date":"2009-12-12T12:41:24","date_gmt":"2009-12-12T15:41:24","guid":{"rendered":"http:\/\/dennytorres.wordpress.com\/?p=1050"},"modified":"2009-12-12T12:41:24","modified_gmt":"2009-12-12T15:41:24","slug":"os-7-habitos-do-lider-eficaz-a-receita-de-rudolph-giuliani","status":"publish","type":"post","link":"https:\/\/dennytorres.com\/site\/os-7-habitos-do-lider-eficaz-a-receita-de-rudolph-giuliani\/","title":{"rendered":"Os 7 Habitos do L\u00edder Eficaz: A Receita de Rudolph Giuliani"},"content":{"rendered":"<p><a href=\"http:\/\/dennytorres.files.wordpress.com\/2009\/12\/rudolph2.jpeg\"><img fetchpriority=\"high\" decoding=\"async\" class=\"aligncenter size-full wp-image-1052\" title=\"rudolph2\" src=\"http:\/\/dennytorres.files.wordpress.com\/2009\/12\/rudolph2.jpeg\" alt=\"\" width=\"510\" height=\"284\" \/><\/a><\/p>\n<p>&#8220;A palestra que o ex-prefeito de New York, Rudolph Giuliani, far\u00e1 hoje a noite durante o  ExpoManagement, promovido pela HSM, promete ser bastante provocativa.<\/p>\n<p>Ao deixar o cargo no final de 2001, ele foi eleito como um dos melhores prefeitos que a cidade j\u00e1 teve devido \u00e0s estat\u00edsticas de seguran\u00e7a, prosperidade, servi\u00e7os sociais e redu\u00e7\u00e3o de impostos. A sa\u00edda da administra\u00e7\u00e3o, a cura do c\u00e2ncer de pr\u00f3strata e o an\u00fancio p\u00fablico de um tumultuado div\u00f3rcio apimentado por uma rela\u00e7\u00e3o conjugal prolongaram sua fama ap\u00f3s os atentados ao World Trade Center em 11 de Setembro daquele ano.<\/p>\n<p>Segundo Rudolph Giuliani existem sete atitudes essenciais para a lideran\u00e7a eficaz:<\/p>\n<p><strong>Ter uma vis\u00e3o,<\/strong> \u201csaber o que voc\u00ea acredita; saber quem voc\u00ea \u00e9\u201d. O l\u00edder deve conhecer a sua ess\u00eancia, saber o que ele pr\u00f3prio representa. N\u00f3s lideramos atrav\u00e9s de id\u00e9ias, atrav\u00e9s de uma vis\u00e3o clara e de princ\u00edpios bem estabelecidos. Essa vis\u00e3o deve ser inspiradora e \u2013 importante \u2013 deve ser de longo prazo.<\/p>\n<p><strong>Ser otimista.<\/strong> N\u00e3o um otimismo que signifique alijar-se da realidade e n\u00e3o enxergar os problemas, mas no sentido de ter uma postura positiva, encarar os problemas de frente e apontar as solu\u00e7\u00f5es para super\u00e1-los. O l\u00edder \u00e9 algu\u00e9m que enxerga as adversidades como um desafio \u00e0 sua intelig\u00eancia e capacidade.<\/p>\n<p><strong>Ter coragem.<\/strong> Coragem n\u00e3o significa a aus\u00eancia de medo, mas a capacidade de lidar com o medo e de assumir riscos, inspirando as pessoas a seguirem o seu exemplo. Giuliani conta que sempre \u00e9 abordado com a seguinte quest\u00e3o: \u201cdevemos ter medo de outro ataque terrorista?\u201d. Sua resposta \u00e9 sempre a mesma: \u201cSim, n\u00f3s devemos. A grande quest\u00e3o \u00e9 o que fazer com esse medo\u201d.<\/p>\n<p><strong>Estar preparado.<\/strong> Devemos procurar antever todas as possibilidades de revezes \u2013 isso na administra\u00e7\u00e3o de um neg\u00f3cio, de uma cidade ou de um pa\u00eds. O treinamento nos prepara, inclusive, para eventos inesperados que n\u00e3o estavam previstos em nosso planejamento inicial. Parte de um l\u00edder \u00e9 preparar-se para o pior.<\/p>\n<p><strong>Trabalho em equipe.<\/strong> Os l\u00edderes precisam ser lembrados que ningu\u00e9m consegue nada sozinho. Ele deve encontrar pessoas que compensem seus pontos fracos, deve equilibrar for\u00e7as e fraquezas. Nenhuma pessoa \u00e9 capaz de reunir todas as habilidades que uma organiza\u00e7\u00e3o precisa. Uma de suas qualidades, segundo o pr\u00f3prio, \u00e9 ter um r\u00e1pido poder de decis\u00e3o. \u201cTomo decis\u00f5es de forma muito r\u00e1pida. Isso \u00e9 bom em situa\u00e7\u00f5es de emerg\u00eancia, mas n\u00e3o t\u00e3o bom em situa\u00e7\u00f5es normais. Procuro me cercar de pessoas que me desaceleram. Eles dizem: \u2018pense mais um pouco, voc\u00ea tem mais tempo, n\u00e3o precisa decidir agora\u2019\u201d.<\/p>\n<p><strong>Comunica\u00e7\u00e3o<\/strong>. Um l\u00edder deve saber transmitir suas id\u00e9ias \u00e0s mentes e cora\u00e7\u00f5es das pessoas. Comunicar \u00e9 algo simples: consiste apenas em falar com pessoas e entender que s\u00f3 conseguimos as coisas atrav\u00e9s dos outro.<\/p>\n<p><strong>Amar as pessoas. <\/strong>Um verdadeiro l\u00edder ama as pessoas que est\u00e3o sob sua responsabilidade. \u00c9 normal l\u00edderes de grandes organiza\u00e7\u00f5es e de grandes cidades passarem a enxergar apenas n\u00fameros e estat\u00edsticas. N\u00e3o devemos cair nesse erro. Apenas o amor sincero pelas pessoas conquistar\u00e1 o seu apoio e confian\u00e7a. O l\u00edder precisa estar presente quando as pessoas precisam. Como diz Giuliani: \u201cir a casamentos \u00e9 opcional, mas ir a funerais \u00e9 obrigat\u00f3rio, pois \u00e9 l\u00e1 que as pessoas mais precisam de nossa presen\u00e7a\u201d.&#8221;<\/p>\n<p>Fonte: <a href=\"http:\/\/colunas.epocanegocios.globo.com\/bloglider\/2009\/11\/30\/os-7-habitos-do-lider-eficaz-a-receita-de-de-rudolph-giuliani\/\" target=\"_blank\" rel=\"noopener\">Blogdolider<\/a><\/p>\n","protected":false},"excerpt":{"rendered":"<p>&#8220;A palestra que o ex-prefeito de New York, Rudolph Giuliani, far\u00e1 hoje a noite durante o ExpoManagement, promovido pela HSM, promete ser bastante provocativa. Ao deixar o cargo no final de 2001, ele foi eleito como um dos melhores prefeitos que a cidade j\u00e1 teve devido \u00e0s estat\u00edsticas de seguran\u00e7a, prosperidade, servi\u00e7os sociais e redu\u00e7\u00e3o [&hellip;]<\/p>\n","protected":false},"author":1,"featured_media":0,"comment_status":"open","ping_status":"open","sticky":false,"template":"","format":"standard","meta":{"footnotes":""},"categories":[71],"tags":[443,444,441,445],"class_list":["post-1050","post","type-post","status-publish","format-standard","hentry","category-posts-diversos","tag-expomanagement","tag-giuliani","tag-lider","tag-rudolph"],"_links":{"self":[{"href":"https:\/\/dennytorres.com\/site\/wp-json\/wp\/v2\/posts\/1050","targetHints":{"allow":["GET"]}}],"collection":[{"href":"https:\/\/dennytorres.com\/site\/wp-json\/wp\/v2\/posts"}],"about":[{"href":"https:\/\/dennytorres.com\/site\/wp-json\/wp\/v2\/types\/post"}],"author":[{"embeddable":true,"href":"https:\/\/dennytorres.com\/site\/wp-json\/wp\/v2\/users\/1"}],"replies":[{"embeddable":true,"href":"https:\/\/dennytorres.com\/site\/wp-json\/wp\/v2\/comments?post=1050"}],"version-history":[{"count":0,"href":"https:\/\/dennytorres.com\/site\/wp-json\/wp\/v2\/posts\/1050\/revisions"}],"wp:attachment":[{"href":"https:\/\/dennytorres.com\/site\/wp-json\/wp\/v2\/media?parent=1050"}],"wp:term":[{"taxonomy":"category","embeddable":true,"href":"https:\/\/dennytorres.com\/site\/wp-json\/wp\/v2\/categories?post=1050"},{"taxonomy":"post_tag","embeddable":true,"href":"https:\/\/dennytorres.com\/site\/wp-json\/wp\/v2\/tags?post=1050"}],"curies":[{"name":"wp","href":"https:\/\/api.w.org\/{rel}","templated":true}]}}