{"id":1074,"date":"2009-12-14T21:23:13","date_gmt":"2009-12-15T00:23:13","guid":{"rendered":"http:\/\/dennytorres.wordpress.com\/?p=1074"},"modified":"2009-12-14T21:23:13","modified_gmt":"2009-12-15T00:23:13","slug":"alzheimer-vs-abuso","status":"publish","type":"post","link":"https:\/\/dennytorres.com\/site\/alzheimer-vs-abuso\/","title":{"rendered":"Alzheimer vs Abuso"},"content":{"rendered":"<p>&#8220;Filme para o Instituto de Apoio de Crian\u00e7as V\u00edtimas de Abusos que me bateu como um soco no est\u00f4mago.\u00a0Criativo, surpreendente e com uma mensagem impactante.&#8221;<\/p>\n[youtube=http:\/\/www.youtube.com\/watch?v=5X4h39JH1D4&amp;hl=en_US&amp;fs=1&amp;]\n<p>Ag\u00eancia: Leo Burnett<br \/>\nDire\u00e7\u00e3o de Cria\u00e7\u00e3o: Fernando Bellotti<br \/>\nReda\u00e7\u00e3o: Fernando Bellotti, R. Corsaro<br \/>\nDire\u00e7\u00e3o de Arte: Fernando Bellotti, P. Ar\u00eaas<br \/>\nRTV: Cristina Almeida<br \/>\nDiretor: Carlos Manga Junior<br \/>\nProdutora: Republika Filme<\/p>\n<p>Fonte: <a href=\"http:\/\/ctrlpels.blogspot.com\/2009\/12\/alzheimer-x-abuso.html\" target=\"_blank\" rel=\"noopener\">CTRL+PELS<\/a><\/p>\n","protected":false},"excerpt":{"rendered":"<p>&#8220;Filme para o Instituto de Apoio de Crian\u00e7as V\u00edtimas de Abusos que me bateu como um soco no est\u00f4mago.\u00a0Criativo, surpreendente e com uma mensagem impactante.&#8221; [youtube=http:\/\/www.youtube.com\/watch?v=5X4h39JH1D4&amp;hl=en_US&amp;fs=1&amp;] Ag\u00eancia: Leo Burnett Dire\u00e7\u00e3o de Cria\u00e7\u00e3o: Fernando Bellotti Reda\u00e7\u00e3o: Fernando Bellotti, R. Corsaro Dire\u00e7\u00e3o de Arte: Fernando Bellotti, P. Ar\u00eaas RTV: Cristina Almeida Diretor: Carlos Manga Junior Produtora: Republika [&hellip;]<\/p>\n","protected":false},"author":1,"featured_media":0,"comment_status":"open","ping_status":"open","sticky":false,"template":"","format":"standard","meta":{"footnotes":""},"categories":[71],"tags":[453,454,64],"class_list":["post-1074","post","type-post","status-publish","format-standard","hentry","category-posts-diversos","tag-abuso","tag-alzheimer","tag-filme"],"_links":{"self":[{"href":"https:\/\/dennytorres.com\/site\/wp-json\/wp\/v2\/posts\/1074","targetHints":{"allow":["GET"]}}],"collection":[{"href":"https:\/\/dennytorres.com\/site\/wp-json\/wp\/v2\/posts"}],"about":[{"href":"https:\/\/dennytorres.com\/site\/wp-json\/wp\/v2\/types\/post"}],"author":[{"embeddable":true,"href":"https:\/\/dennytorres.com\/site\/wp-json\/wp\/v2\/users\/1"}],"replies":[{"embeddable":true,"href":"https:\/\/dennytorres.com\/site\/wp-json\/wp\/v2\/comments?post=1074"}],"version-history":[{"count":0,"href":"https:\/\/dennytorres.com\/site\/wp-json\/wp\/v2\/posts\/1074\/revisions"}],"wp:attachment":[{"href":"https:\/\/dennytorres.com\/site\/wp-json\/wp\/v2\/media?parent=1074"}],"wp:term":[{"taxonomy":"category","embeddable":true,"href":"https:\/\/dennytorres.com\/site\/wp-json\/wp\/v2\/categories?post=1074"},{"taxonomy":"post_tag","embeddable":true,"href":"https:\/\/dennytorres.com\/site\/wp-json\/wp\/v2\/tags?post=1074"}],"curies":[{"name":"wp","href":"https:\/\/api.w.org\/{rel}","templated":true}]}}