{"id":1081,"date":"2009-12-14T21:33:11","date_gmt":"2009-12-15T00:33:11","guid":{"rendered":"http:\/\/dennytorres.wordpress.com\/?p=1081"},"modified":"2009-12-14T21:33:11","modified_gmt":"2009-12-15T00:33:11","slug":"aneel-realiza-primeiro-leilao-de-energia-eolica-do-pais","status":"publish","type":"post","link":"https:\/\/dennytorres.com\/site\/aneel-realiza-primeiro-leilao-de-energia-eolica-do-pais\/","title":{"rendered":"Aneel realiza primeiro leil\u00e3o de energia e\u00f3lica do pa\u00eds"},"content":{"rendered":"<h2><a href=\"http:\/\/dennytorres.files.wordpress.com\/2009\/12\/eolica.jpeg\"><img fetchpriority=\"high\" decoding=\"async\" class=\"aligncenter size-full wp-image-1083\" title=\"eolica\" src=\"http:\/\/dennytorres.files.wordpress.com\/2009\/12\/eolica.jpeg\" alt=\"\" width=\"510\" height=\"335\" \/><\/a><\/h2>\n<h2>&#8220;<strong>Gera\u00e7\u00e3o e\u00f3lica no Brasil<\/strong><\/h2>\n<p>A Empresa de Pesquisa Energ\u00e9tica (EPE) habilitou tecnicamente 339 projetos de gera\u00e7\u00e3o e\u00f3lica para o Leil\u00e3o de Energia de Reserva, que ser\u00e1 realizado pela Ag\u00eancia Nacional de Energia El\u00e9trica (Aneel), nesta segunda-feira (14). O leil\u00e3o ser\u00e1 na sede da C\u00e2mara de Comercializa\u00e7\u00e3o de Energia El\u00e9trica (CCEE), em S\u00e3o Paulo.<\/p>\n<p>Esta \u00e9 a primeira vez que o Brasil promove um leil\u00e3o de reserva para negocia\u00e7\u00e3o exclusiva de energia el\u00e9trica gerada por ventos.<\/p>\n<p>Segundo a EPE, os empreendimentos somam capacidade instalada de 10.005 MW, o que corresponde a uma vez e meia a pot\u00eancia total do Complexo Hidrel\u00e9trico do Rio Madeira, em Rond\u00f4nia, composto pelas usinas hidrel\u00e9tricas de Jirau (3.300 MW) e Santo Ant\u00f4nio (3.150 MW).<\/p>\n<h2>Ventos sopram para o Nordeste<\/h2>\n<p>As informa\u00e7\u00f5es da EPE (empresa do governo federal respons\u00e1vel pelo planejamento energ\u00e9tico brasileiro) indicam que os estados do Cear\u00e1 e do Rio Grande do Norte det\u00eam a maioria dos projetos (213) e tamb\u00e9m da pot\u00eancia instalada (6.144 MW) habilitados.<\/p>\n<p>Para o presidente da EPE, Mauricio Tolmasquim, o sucesso deste primeiro leil\u00e3o pode propiciar o maior aproveitamento do alto potencial do pa\u00eds. &#8220;A contrata\u00e7\u00e3o de energia e\u00f3lica, neste momento, refor\u00e7ou ainda mais a posi\u00e7\u00e3o que o Brasil levou para a Confer\u00eancia do Clima em Copenhague, de promover a manuten\u00e7\u00e3o do perfil altamente renov\u00e1vel da matriz energ\u00e9tica brasileira&#8221;, afirma.<\/p>\n<h2>Modalidade de reserva<\/h2>\n<p>O leil\u00e3o de energia exclusivamente voltado para contrata\u00e7\u00e3o de fonte e\u00f3lica ser\u00e1 realizado na modalidade de reserva, que se caracteriza pela contrata\u00e7\u00e3o de um volume de energia al\u00e9m do que seria necess\u00e1rio para atender \u00e0 demanda do mercado total do pa\u00eds.<\/p>\n<p>&#8220;Os empreendimentos que ofertarem os maiores des\u00e1gios sobre o pre\u00e7o inicial assinar\u00e3o contratos de compra e venda de energia com 20 anos de dura\u00e7\u00e3o, v\u00e1lidos a partir de 1\u00b0 de julho de 2012&#8243;, esclareceu a empresa.&#8221;<\/p>\n<p>Fonte: <a href=\"http:\/\/www.inovacaotecnologica.com.br\/noticias\/noticia.php?artigo=aneel-realiza-primeiro-leilao-energia-eolica-pais&amp;id=020175091214\" target=\"_blank\" rel=\"noopener\">inovacaotecnologica<\/a><\/p>\n","protected":false},"excerpt":{"rendered":"<p>&#8220;Gera\u00e7\u00e3o e\u00f3lica no Brasil A Empresa de Pesquisa Energ\u00e9tica (EPE) habilitou tecnicamente 339 projetos de gera\u00e7\u00e3o e\u00f3lica para o Leil\u00e3o de Energia de Reserva, que ser\u00e1 realizado pela Ag\u00eancia Nacional de Energia El\u00e9trica (Aneel), nesta segunda-feira (14). O leil\u00e3o ser\u00e1 na sede da C\u00e2mara de Comercializa\u00e7\u00e3o de Energia El\u00e9trica (CCEE), em S\u00e3o Paulo. Esta \u00e9 [&hellip;]<\/p>\n","protected":false},"author":1,"featured_media":0,"comment_status":"open","ping_status":"open","sticky":false,"template":"","format":"standard","meta":{"footnotes":""},"categories":[53],"tags":[458,459,460,461],"class_list":["post-1081","post","type-post","status-publish","format-standard","hentry","category-uncategorized","tag-energia","tag-eolica","tag-geracao","tag-leilao"],"_links":{"self":[{"href":"https:\/\/dennytorres.com\/site\/wp-json\/wp\/v2\/posts\/1081","targetHints":{"allow":["GET"]}}],"collection":[{"href":"https:\/\/dennytorres.com\/site\/wp-json\/wp\/v2\/posts"}],"about":[{"href":"https:\/\/dennytorres.com\/site\/wp-json\/wp\/v2\/types\/post"}],"author":[{"embeddable":true,"href":"https:\/\/dennytorres.com\/site\/wp-json\/wp\/v2\/users\/1"}],"replies":[{"embeddable":true,"href":"https:\/\/dennytorres.com\/site\/wp-json\/wp\/v2\/comments?post=1081"}],"version-history":[{"count":0,"href":"https:\/\/dennytorres.com\/site\/wp-json\/wp\/v2\/posts\/1081\/revisions"}],"wp:attachment":[{"href":"https:\/\/dennytorres.com\/site\/wp-json\/wp\/v2\/media?parent=1081"}],"wp:term":[{"taxonomy":"category","embeddable":true,"href":"https:\/\/dennytorres.com\/site\/wp-json\/wp\/v2\/categories?post=1081"},{"taxonomy":"post_tag","embeddable":true,"href":"https:\/\/dennytorres.com\/site\/wp-json\/wp\/v2\/tags?post=1081"}],"curies":[{"name":"wp","href":"https:\/\/api.w.org\/{rel}","templated":true}]}}