{"id":1235,"date":"2009-12-23T22:52:06","date_gmt":"2009-12-24T01:52:06","guid":{"rendered":"http:\/\/dennytorres.wordpress.com\/?p=1235"},"modified":"2009-12-23T22:52:06","modified_gmt":"2009-12-24T01:52:06","slug":"benchmark-de-macbook-pro-antes-do-upgrade","status":"publish","type":"post","link":"https:\/\/dennytorres.com\/site\/benchmark-de-macbook-pro-antes-do-upgrade\/","title":{"rendered":"Benchmark de MacBook Pro &#8211; Antes do upgrade"},"content":{"rendered":"<p>A pouco tempo <span style=\"text-decoration:underline;\"><a href=\"http:\/\/dennytorres.wordpress.com\/2009\/12\/14\/benchmarks-dos-novos-macbooks-pro\/\" target=\"_blank\" rel=\"noopener\">publiquei<\/a><\/span> uma mat\u00e9ria com uma lista de benchmark comparando o desempenho de alguns laptops da Apple, com suas respectivas pontua\u00e7\u00f5es (seguindo um crit\u00e9rio pr\u00e9-definido). No entanto eu fiquei na d\u00favida quanto a pontua\u00e7\u00e3o do meu novo MacBook pro 2.4, pois n\u00e3o tinha a certeza de qual era o modelo do meu processador (na mat\u00e9ria publicada, considerei que o meu fosse o modelo Core 2 Duo 2.4 <strong><a href=\"http:\/\/processorfinder.intel.com\/details.aspx?sSpec=SLB4N\" target=\"_blank\" rel=\"noopener\">P8600<\/a><\/strong>). Sei que a vers\u00e3o <strong>P8600<\/strong> possui um <em>Bus <em>Frequency<\/em><\/em> de 1066MHz e tamb\u00e9m desconfiava que o meu processador tinha a velocidade de 800MHz.<\/p>\n<p>Tratei de rodar o software GeekBench para matar de vez esta d\u00favida. Pois bem! Minha suspeita est\u00e1 confirmada. Realmente o meu processador \u00e9 do tipo <a href=\"http:\/\/processorfinder.intel.com\/details.aspx?sSpec=SLAPR\" target=\"_blank\" rel=\"noopener\">T8300<\/a> com <em>Bus <em>Frequency<\/em><\/em> de 800MHz (MB133LL\/A).<\/p>\n<p><a href=\"http:\/\/dennytorres.files.wordpress.com\/2009\/12\/especificacao-macbook-pro.png\"><img fetchpriority=\"high\" decoding=\"async\" class=\"aligncenter size-full wp-image-1236\" title=\"especifica\u00e7\u00e3o macbook pro\" src=\"http:\/\/dennytorres.files.wordpress.com\/2009\/12\/especificacao-macbook-pro.png\" alt=\"\" width=\"466\" height=\"335\" \/><\/a><\/p>\n<p>At\u00e9 ent\u00e3o, tudo bem. Esperava, obviamente, que ap\u00f3s o teste de benchmark o resultado fosse um pouco menor do que eu publiquei. Mas o melhor de tudo \u00e9 que o resultado foi acima do esperado. A pontua\u00e7\u00e3o alcan\u00e7ou <strong>3363 pontos! <\/strong>Ou seja, o meu MacBook Pro est\u00e1 com uma pontua\u00e7\u00e3o melhor que um T9400 com 1066 de <em>Bus Frequency <\/em>e com 2.53MHz.<\/p>\n<p>Ainda n\u00e3o consegui entender o porque, ainda mais que a frequ\u00eancia de minha mem\u00f3ria \u00e9 a antiga 667MHz. Independente disso, logo-logo irei colocar 4GB de mem\u00f3ria RAM, o que provavelmente, aumentar\u00e1, mesmo sendo pouco, o desempenho de minha m\u00e1quina. Segue o resultado completo do teste para registro.<\/p>\n<p><a href=\"http:\/\/dennytorres.files.wordpress.com\/2009\/12\/captura-de-tela-2009-12-23-as-23-17-03.png\"><img decoding=\"async\" class=\"aligncenter size-full wp-image-1239\" title=\"Captura de tela 2009-12-23 \u00e0s 23.17.03\" src=\"http:\/\/dennytorres.files.wordpress.com\/2009\/12\/captura-de-tela-2009-12-23-as-23-17-03.png\" alt=\"\" width=\"510\" height=\"484\" \/><\/a><a href=\"http:\/\/dennytorres.files.wordpress.com\/2009\/12\/captura-de-tela-2009-12-23-as-23-17-24.png\"><img decoding=\"async\" class=\"aligncenter size-full wp-image-1240\" title=\"Captura de tela 2009-12-23 \u00e0s 23.17.24\" src=\"http:\/\/dennytorres.files.wordpress.com\/2009\/12\/captura-de-tela-2009-12-23-as-23-17-24.png\" alt=\"\" width=\"510\" height=\"519\" \/><\/a><a href=\"http:\/\/dennytorres.files.wordpress.com\/2009\/12\/captura-de-tela-2009-12-23-as-23-17-44.png\"><img loading=\"lazy\" decoding=\"async\" class=\"aligncenter size-full wp-image-1241\" title=\"Captura de tela 2009-12-23 \u00e0s 23.17.44\" src=\"http:\/\/dennytorres.files.wordpress.com\/2009\/12\/captura-de-tela-2009-12-23-as-23-17-44.png\" alt=\"\" width=\"510\" height=\"578\" \/><\/a><a href=\"http:\/\/dennytorres.files.wordpress.com\/2009\/12\/captura-de-tela-2009-12-23-as-23-17-57.png\"><img loading=\"lazy\" decoding=\"async\" class=\"aligncenter size-full wp-image-1242\" title=\"Captura de tela 2009-12-23 \u00e0s 23.17.57\" src=\"http:\/\/dennytorres.files.wordpress.com\/2009\/12\/captura-de-tela-2009-12-23-as-23-17-57.png\" alt=\"\" width=\"510\" height=\"259\" \/><\/a><a href=\"http:\/\/dennytorres.files.wordpress.com\/2009\/12\/captura-de-tela-2009-12-23-as-23-18-05.png\"><img loading=\"lazy\" decoding=\"async\" class=\"aligncenter size-full wp-image-1243\" title=\"Captura de tela 2009-12-23 \u00e0s 23.18.05\" src=\"http:\/\/dennytorres.files.wordpress.com\/2009\/12\/captura-de-tela-2009-12-23-as-23-18-05.png\" alt=\"\" width=\"510\" height=\"364\" \/><\/a>Para quem quiser ver a lista mais atualizada realizada pela Primate Labs, <a href=\"http:\/\/www.primatelabs.ca\/blog\/mac-benchmarks\/\" target=\"_blank\" rel=\"noopener\">clique aqui<\/a>.<\/p>\n","protected":false},"excerpt":{"rendered":"<p>A pouco tempo publiquei uma mat\u00e9ria com uma lista de benchmark comparando o desempenho de alguns laptops da Apple, com suas respectivas pontua\u00e7\u00f5es (seguindo um crit\u00e9rio pr\u00e9-definido). No entanto eu fiquei na d\u00favida quanto a pontua\u00e7\u00e3o do meu novo MacBook pro 2.4, pois n\u00e3o tinha a certeza de qual era o modelo do meu processador [&hellip;]<\/p>\n","protected":false},"author":1,"featured_media":0,"comment_status":"open","ping_status":"open","sticky":false,"template":"","format":"standard","meta":{"footnotes":""},"categories":[55],"tags":[462,522,232,523,524],"class_list":["post-1235","post","type-post","status-publish","format-standard","hentry","category-macintosh","tag-benchmark","tag-geekbenk","tag-macbook","tag-p8600","tag-t8300"],"_links":{"self":[{"href":"https:\/\/dennytorres.com\/site\/wp-json\/wp\/v2\/posts\/1235","targetHints":{"allow":["GET"]}}],"collection":[{"href":"https:\/\/dennytorres.com\/site\/wp-json\/wp\/v2\/posts"}],"about":[{"href":"https:\/\/dennytorres.com\/site\/wp-json\/wp\/v2\/types\/post"}],"author":[{"embeddable":true,"href":"https:\/\/dennytorres.com\/site\/wp-json\/wp\/v2\/users\/1"}],"replies":[{"embeddable":true,"href":"https:\/\/dennytorres.com\/site\/wp-json\/wp\/v2\/comments?post=1235"}],"version-history":[{"count":0,"href":"https:\/\/dennytorres.com\/site\/wp-json\/wp\/v2\/posts\/1235\/revisions"}],"wp:attachment":[{"href":"https:\/\/dennytorres.com\/site\/wp-json\/wp\/v2\/media?parent=1235"}],"wp:term":[{"taxonomy":"category","embeddable":true,"href":"https:\/\/dennytorres.com\/site\/wp-json\/wp\/v2\/categories?post=1235"},{"taxonomy":"post_tag","embeddable":true,"href":"https:\/\/dennytorres.com\/site\/wp-json\/wp\/v2\/tags?post=1235"}],"curies":[{"name":"wp","href":"https:\/\/api.w.org\/{rel}","templated":true}]}}