{"id":1391,"date":"2009-12-27T20:43:03","date_gmt":"2009-12-27T23:43:03","guid":{"rendered":"http:\/\/dennytorres.wordpress.com\/?p=1391"},"modified":"2009-12-27T20:43:03","modified_gmt":"2009-12-27T23:43:03","slug":"curiosidade-voce-sabe-qual-e-o-salario-de-steve-jobs","status":"publish","type":"post","link":"https:\/\/dennytorres.com\/site\/curiosidade-voce-sabe-qual-e-o-salario-de-steve-jobs\/","title":{"rendered":"[curiosidade] Voc\u00ea sabe qual \u00e9 o sal\u00e1rio de Steve Jobs?"},"content":{"rendered":"<p><a href=\"http:\/\/dennytorres.files.wordpress.com\/2009\/12\/steve_jobs.jpeg\"><img fetchpriority=\"high\" decoding=\"async\" class=\"aligncenter size-full wp-image-1392\" title=\"steve_jobs\" src=\"http:\/\/dennytorres.files.wordpress.com\/2009\/12\/steve_jobs.jpeg\" alt=\"\" width=\"510\" height=\"383\" \/><\/a><\/p>\n<p>&#8220;Muitos j\u00e1 sabem disso, pois j\u00e1 virou tradi\u00e7\u00e3o desde que ele voltou ao comando da empresa, em 1997. Desde ent\u00e3o, o sal\u00e1rio do CEO da Apple, Steve Jobs, \u00e9 de apenas US$1,00 (um d\u00f3lar). E detalhe: n\u00e3o \u00e9 por m\u00eas n\u00e3o, \u00e9 por ano!<\/p>\n<p>Em sua p\u00e1gina para investidores, a Apple anunciou ontem que seu CEO acaba de receber o seu sal\u00e1rio de 2009.<\/p>\n<p>Claro que como fundador e possuidor de boa parte das a\u00e7\u00f5es da empresa, ele deve ganhar muito dinheiro com o sucesso dela. Mas que \u00e9 engra\u00e7ado que nominalmente o grande salvador da Apple, que \u00e9 considerado o CEO da d\u00e9cada, ganhe s\u00f3 este valor, isso \u00e9.&#8221;<\/p>\n<p>Fonte:<a href=\"http:\/\/www.blogdoiphone.com\/2009\/12\/curiosidade-voce-sabe-qual-e-o-salario-de-steve-jobs-apenas-1-dolar\/\" target=\"_blank\" rel=\"noopener\"> blogdoiphone<\/a><\/p>\n","protected":false},"excerpt":{"rendered":"<p>&#8220;Muitos j\u00e1 sabem disso, pois j\u00e1 virou tradi\u00e7\u00e3o desde que ele voltou ao comando da empresa, em 1997. Desde ent\u00e3o, o sal\u00e1rio do CEO da Apple, Steve Jobs, \u00e9 de apenas US$1,00 (um d\u00f3lar). E detalhe: n\u00e3o \u00e9 por m\u00eas n\u00e3o, \u00e9 por ano! Em sua p\u00e1gina para investidores, a Apple anunciou ontem que seu [&hellip;]<\/p>\n","protected":false},"author":1,"featured_media":0,"comment_status":"open","ping_status":"open","sticky":false,"template":"","format":"standard","meta":{"footnotes":""},"categories":[71],"tags":[246,160,552,519,553],"class_list":["post-1391","post","type-post","status-publish","format-standard","hentry","category-posts-diversos","tag-apple","tag-iphone","tag-jobs","tag-salario","tag-steve"],"_links":{"self":[{"href":"https:\/\/dennytorres.com\/site\/wp-json\/wp\/v2\/posts\/1391","targetHints":{"allow":["GET"]}}],"collection":[{"href":"https:\/\/dennytorres.com\/site\/wp-json\/wp\/v2\/posts"}],"about":[{"href":"https:\/\/dennytorres.com\/site\/wp-json\/wp\/v2\/types\/post"}],"author":[{"embeddable":true,"href":"https:\/\/dennytorres.com\/site\/wp-json\/wp\/v2\/users\/1"}],"replies":[{"embeddable":true,"href":"https:\/\/dennytorres.com\/site\/wp-json\/wp\/v2\/comments?post=1391"}],"version-history":[{"count":0,"href":"https:\/\/dennytorres.com\/site\/wp-json\/wp\/v2\/posts\/1391\/revisions"}],"wp:attachment":[{"href":"https:\/\/dennytorres.com\/site\/wp-json\/wp\/v2\/media?parent=1391"}],"wp:term":[{"taxonomy":"category","embeddable":true,"href":"https:\/\/dennytorres.com\/site\/wp-json\/wp\/v2\/categories?post=1391"},{"taxonomy":"post_tag","embeddable":true,"href":"https:\/\/dennytorres.com\/site\/wp-json\/wp\/v2\/tags?post=1391"}],"curies":[{"name":"wp","href":"https:\/\/api.w.org\/{rel}","templated":true}]}}