{"id":1739,"date":"2010-01-31T19:45:25","date_gmt":"2010-01-31T22:45:25","guid":{"rendered":"http:\/\/dennytorres.wordpress.com\/?p=1739"},"modified":"2010-01-31T19:45:25","modified_gmt":"2010-01-31T22:45:25","slug":"vlc-chega-a-versao-1-0-5-a-penultima-de-sua-historia","status":"publish","type":"post","link":"https:\/\/dennytorres.com\/site\/vlc-chega-a-versao-1-0-5-a-penultima-de-sua-historia\/","title":{"rendered":"VLC chega \u00e0 vers\u00e3o 1.0.5 &#8211; a pen\u00faltima de sua hist\u00f3ria"},"content":{"rendered":"<p>&#8220;No meio do m\u00eas passado, divulgamos a triste not\u00edcia de que o VLC poderia morrer por falta de desenvolvedores. Na \u00e9poca, j\u00e1 se falava da chegada da sua vers\u00e3o 1.0.5 e, caso nada mudasse, o projeto poderia ser encerrado na futura 1.1. E \u00e9 exatamente isso o que vai acontecer.<\/p>\n<p style=\"text-align:center;\"><a href=\"http:\/\/dennytorres.files.wordpress.com\/2010\/01\/vlc_full.png\"><img fetchpriority=\"high\" decoding=\"async\" class=\"aligncenter size-full wp-image-1740\" title=\"VLC_full\" src=\"http:\/\/dennytorres.files.wordpress.com\/2010\/01\/vlc_full.png\" alt=\"\" width=\"306\" height=\"306\" \/><\/a><\/p>\n<p>Mas calma, n\u00f3s n\u00e3o ficaremos no limbo. \ud83d\ude42 Hoje o VideoLAN Project liberou a vers\u00e3o 1.0.5 do VLC como previsto e j\u00e1 prepara a 1.1, mas um tweet de alguns dias atr\u00e1s confirmou que ele ser\u00e1 ressuscitado \u201cem uma nova forma\u201d. Ou seja, o nome e visual poder\u00e3o mudar, mas algu\u00e9m (ou algu\u00e9ns) dar\u00e1 continuidade a ele.<\/p>\n<p>A vers\u00e3o 1.0.5 engloba mudan\u00e7as n\u00e3o s\u00f3 dela, mas tamb\u00e9m da 1.0.4 \u2014 que foi pulada no Mac OS X. Dentre as mudan\u00e7as, est\u00e3o melhorias em codecs e decoders, tradu\u00e7\u00f5es atualizadas (inclusive para o portugu\u00eas do Brasil), corre\u00e7\u00f5es de bugs e o mais bacana: suporte para o Apple Remote 2009, que provavelmente tamb\u00e9m corrige um problema do VLC que abria o iTunes quando o acess\u00f3rio era utilizado. Confira a lista completa aqui.<\/p>\n<p>O VLC requer o Mac OS X 10.5 ou superior e um Mac com suporte a Quartz Extreme. Ele \u00e9 um bin\u00e1rio universal, ou seja, funciona tanto em m\u00e1quinas Intel quanto PowerPC.&#8221;<\/p>\n<p>Fonte: <strong><a href=\"http:\/\/macmagazine.uol.com.br\/2010\/01\/31\/vlc-chega-a-versao-1-0-5-a-penultima-de-sua-historia\/\" target=\"_blank\" rel=\"noopener\">MacMagazine<\/a><\/strong><\/p>\n","protected":false},"excerpt":{"rendered":"<p>&#8220;No meio do m\u00eas passado, divulgamos a triste not\u00edcia de que o VLC poderia morrer por falta de desenvolvedores. Na \u00e9poca, j\u00e1 se falava da chegada da sua vers\u00e3o 1.0.5 e, caso nada mudasse, o projeto poderia ser encerrado na futura 1.1. E \u00e9 exatamente isso o que vai acontecer. Mas calma, n\u00f3s n\u00e3o ficaremos [&hellip;]<\/p>\n","protected":false},"author":1,"featured_media":0,"comment_status":"open","ping_status":"open","sticky":false,"template":"","format":"standard","meta":{"footnotes":""},"categories":[53],"tags":[315,661,657,218],"class_list":["post-1739","post","type-post","status-publish","format-standard","hentry","category-uncategorized","tag-mac","tag-versao","tag-vlc","tag-windows"],"_links":{"self":[{"href":"https:\/\/dennytorres.com\/site\/wp-json\/wp\/v2\/posts\/1739","targetHints":{"allow":["GET"]}}],"collection":[{"href":"https:\/\/dennytorres.com\/site\/wp-json\/wp\/v2\/posts"}],"about":[{"href":"https:\/\/dennytorres.com\/site\/wp-json\/wp\/v2\/types\/post"}],"author":[{"embeddable":true,"href":"https:\/\/dennytorres.com\/site\/wp-json\/wp\/v2\/users\/1"}],"replies":[{"embeddable":true,"href":"https:\/\/dennytorres.com\/site\/wp-json\/wp\/v2\/comments?post=1739"}],"version-history":[{"count":0,"href":"https:\/\/dennytorres.com\/site\/wp-json\/wp\/v2\/posts\/1739\/revisions"}],"wp:attachment":[{"href":"https:\/\/dennytorres.com\/site\/wp-json\/wp\/v2\/media?parent=1739"}],"wp:term":[{"taxonomy":"category","embeddable":true,"href":"https:\/\/dennytorres.com\/site\/wp-json\/wp\/v2\/categories?post=1739"},{"taxonomy":"post_tag","embeddable":true,"href":"https:\/\/dennytorres.com\/site\/wp-json\/wp\/v2\/tags?post=1739"}],"curies":[{"name":"wp","href":"https:\/\/api.w.org\/{rel}","templated":true}]}}