{"id":1764,"date":"2010-02-01T11:19:55","date_gmt":"2010-02-01T14:19:55","guid":{"rendered":"http:\/\/dennytorres.wordpress.com\/?p=1764"},"modified":"2010-02-01T11:19:55","modified_gmt":"2010-02-01T14:19:55","slug":"sem-abuso","status":"publish","type":"post","link":"https:\/\/dennytorres.com\/site\/sem-abuso\/","title":{"rendered":"Sem abuso"},"content":{"rendered":"<p>Imagem chocante para a Casa do Menor, contra o abuso sexual infantil.<br \/>\n&#8220;Certain things hang on forever. Set the kids free from abuse and violence.&#8221;<br \/>\nClique na imagem para ampliar.<\/p>\n<p><a href=\"http:\/\/dennytorres.files.wordpress.com\/2010\/02\/casa_do_menor.jpeg\"><img fetchpriority=\"high\" decoding=\"async\" class=\"aligncenter size-full wp-image-1765\" title=\"casa_do_menor\" src=\"http:\/\/dennytorres.files.wordpress.com\/2010\/02\/casa_do_menor.jpeg\" alt=\"\" width=\"510\" height=\"360\" \/><\/a><\/p>\n<p>Ag\u00eancia: Mccann Erickson :: Espanha<br \/>\nDire\u00e7\u00e3o de Cria\u00e7\u00e3o: Marco Cremona, Gaetano Del Pizzo<br \/>\nReda\u00e7\u00e3o: Valerio Delle Foglie<br \/>\nDire\u00e7\u00e3o de Arte: Federico Fanti<br \/>\nFot\u00f3grafo: Akim Lipphot<br \/>\nP\u00f3s-produ\u00e7\u00e3o: The Scope<\/p>\n<p>Fonte:<strong> <\/strong><a href=\"http:\/\/ctrlpels.blogspot.com\/2010\/02\/sem-abuso.html\" target=\"_blank\" rel=\"noopener\"><strong>CTRL+PELS<\/strong><\/a><\/p>\n","protected":false},"excerpt":{"rendered":"<p>Imagem chocante para a Casa do Menor, contra o abuso sexual infantil. &#8220;Certain things hang on forever. Set the kids free from abuse and violence.&#8221; Clique na imagem para ampliar. Ag\u00eancia: Mccann Erickson :: Espanha Dire\u00e7\u00e3o de Cria\u00e7\u00e3o: Marco Cremona, Gaetano Del Pizzo Reda\u00e7\u00e3o: Valerio Delle Foglie Dire\u00e7\u00e3o de Arte: Federico Fanti Fot\u00f3grafo: Akim Lipphot [&hellip;]<\/p>\n","protected":false},"author":1,"featured_media":0,"comment_status":"open","ping_status":"open","sticky":false,"template":"","format":"standard","meta":{"footnotes":""},"categories":[71],"tags":[453,489,239,668,669,670],"class_list":["post-1764","post","type-post","status-publish","format-standard","hentry","category-posts-diversos","tag-abuso","tag-casa","tag-infantil","tag-menor","tag-sexual","tag-violencia"],"_links":{"self":[{"href":"https:\/\/dennytorres.com\/site\/wp-json\/wp\/v2\/posts\/1764","targetHints":{"allow":["GET"]}}],"collection":[{"href":"https:\/\/dennytorres.com\/site\/wp-json\/wp\/v2\/posts"}],"about":[{"href":"https:\/\/dennytorres.com\/site\/wp-json\/wp\/v2\/types\/post"}],"author":[{"embeddable":true,"href":"https:\/\/dennytorres.com\/site\/wp-json\/wp\/v2\/users\/1"}],"replies":[{"embeddable":true,"href":"https:\/\/dennytorres.com\/site\/wp-json\/wp\/v2\/comments?post=1764"}],"version-history":[{"count":0,"href":"https:\/\/dennytorres.com\/site\/wp-json\/wp\/v2\/posts\/1764\/revisions"}],"wp:attachment":[{"href":"https:\/\/dennytorres.com\/site\/wp-json\/wp\/v2\/media?parent=1764"}],"wp:term":[{"taxonomy":"category","embeddable":true,"href":"https:\/\/dennytorres.com\/site\/wp-json\/wp\/v2\/categories?post=1764"},{"taxonomy":"post_tag","embeddable":true,"href":"https:\/\/dennytorres.com\/site\/wp-json\/wp\/v2\/tags?post=1764"}],"curies":[{"name":"wp","href":"https:\/\/api.w.org\/{rel}","templated":true}]}}