{"id":1829,"date":"2010-02-06T22:21:50","date_gmt":"2010-02-07T01:21:50","guid":{"rendered":"http:\/\/dennytorres.com\/?p=1829"},"modified":"2010-02-06T22:21:50","modified_gmt":"2010-02-07T01:21:50","slug":"honda-faz-recall-de-186-mil-fit-no-brasil","status":"publish","type":"post","link":"https:\/\/dennytorres.com\/site\/honda-faz-recall-de-186-mil-fit-no-brasil\/","title":{"rendered":"Honda faz recall de 186 mil Fit no Brasil"},"content":{"rendered":"<div id=\"_mcePaste\">&#8220;A Honda Autom\u00f3veis do Brasil anunciou nesta Sexta-Feira a convoca\u00e7\u00e3o de propriet\u00e1rios do modelo <strong>Honda Fit<\/strong>, ano de fabrica\u00e7\u00e3o de <strong>2003 a 2008<\/strong>, chassis de 4Z100001 a <strong>8Z218918<\/strong>, a comparecerem <strong>a partir do dia 10 de fevereiro<\/strong>, pr\u00f3xima quarta-feira, a qualquer concession\u00e1ria da marca para a aplica\u00e7\u00e3o gratuita de uma prote\u00e7\u00e3o adicional no interruptor principal de comando dos vidros el\u00e9tricos.<\/div>\n<div><a href=\"http:\/\/dennytorres.files.wordpress.com\/2010\/02\/honda_fit.jpeg\"><img fetchpriority=\"high\" decoding=\"async\" class=\"aligncenter size-full wp-image-1830\" title=\"honda_fit\" src=\"http:\/\/dennytorres.files.wordpress.com\/2010\/02\/honda_fit.jpeg\" alt=\"\" width=\"510\" height=\"330\" \/><\/a><\/div>\n<div id=\"_mcePaste\">O problema gerador do chamado \u00e9 o mesmo que tinha levado a um recall de 646 mil ve\u00edculos dos modelos Fit,Jazz e City no mundo. O movimento aconteceu depois que uma crian\u00e7a morreu quando o carro em que estava pegou fogo no ano passado.<\/div>\n<div id=\"_mcePaste\">Saiba mais: <strong><a href=\"http:\/\/oglobo.globo.com\/economia\/seubolso\/mat\/2009\/08\/20\/o-passo-passo-para-atender-um-recall-de-carro-757538696.asp\" target=\"_blank\" rel=\"noopener\">Dicas para atender recall de carro.<\/a><\/strong><\/div>\n<div>Segundo a empresa, em algumas unidades pode ocorrer a penetra\u00e7\u00e3o de umidade no interruptor, comprometendo o seu funcionamento e, em casos extremos, gerar curto-circuito e risco de inc\u00eandio.<\/div>\n<div id=\"_mcePaste\">Um comunicado divulgado nesta sexta-feira, a Honda afirma que &#8220;trata-se de um reparo simples, por\u00e9m visando o conforto e a convenie\u00eancia dos opriet\u00e1rios. A Honda tamb\u00e9m recomenda o agendamento pr\u00e9vio em uma concession\u00e1ria de prefer\u00eancia do cliente.<\/div>\n<div id=\"_mcePaste\">Esta campanha se estender\u00e1 at\u00e9 10 de agosto de 2010. A estimativa da empresa \u00e9 que o recall vai abranger 186.902 ve\u00edculos. Os modelos <strong>New Fit e City<\/strong> n\u00e3o est\u00e3o envolvidos na campanha no Brasil. Informa\u00e7\u00f5es adicionais poder\u00e3o ser obtidas no Servi\u00e7o de Atendimento ao Cliente pelo telefone <strong>0800-701-3432<\/strong> ou na internet, pelo site da <strong>Honda<\/strong>.&#8221;<\/div>\n<div><\/div>\n<div>Fonte: <strong><a href=\"http:\/\/oglobo.globo.com\/economia\/mat\/2010\/02\/05\/honda-convoca-proprietarios-para-recall-do-honda-fit-no-brasil-915793170.asp\" target=\"_blank\" rel=\"noopener\">O Globo<\/a><\/strong><\/div>\n","protected":false},"excerpt":{"rendered":"<p>&#8220;A Honda Autom\u00f3veis do Brasil anunciou nesta Sexta-Feira a convoca\u00e7\u00e3o de propriet\u00e1rios do modelo Honda Fit, ano de fabrica\u00e7\u00e3o de 2003 a 2008, chassis de 4Z100001 a 8Z218918, a comparecerem a partir do dia 10 de fevereiro, pr\u00f3xima quarta-feira, a qualquer concession\u00e1ria da marca para a aplica\u00e7\u00e3o gratuita de uma prote\u00e7\u00e3o adicional no interruptor principal [&hellip;]<\/p>\n","protected":false},"author":1,"featured_media":0,"comment_status":"open","ping_status":"open","sticky":false,"template":"","format":"standard","meta":{"footnotes":""},"categories":[577],"tags":[692,693,694],"class_list":["post-1829","post","type-post","status-publish","format-standard","hentry","category-noticias","tag-fit","tag-honda","tag-recall"],"_links":{"self":[{"href":"https:\/\/dennytorres.com\/site\/wp-json\/wp\/v2\/posts\/1829","targetHints":{"allow":["GET"]}}],"collection":[{"href":"https:\/\/dennytorres.com\/site\/wp-json\/wp\/v2\/posts"}],"about":[{"href":"https:\/\/dennytorres.com\/site\/wp-json\/wp\/v2\/types\/post"}],"author":[{"embeddable":true,"href":"https:\/\/dennytorres.com\/site\/wp-json\/wp\/v2\/users\/1"}],"replies":[{"embeddable":true,"href":"https:\/\/dennytorres.com\/site\/wp-json\/wp\/v2\/comments?post=1829"}],"version-history":[{"count":0,"href":"https:\/\/dennytorres.com\/site\/wp-json\/wp\/v2\/posts\/1829\/revisions"}],"wp:attachment":[{"href":"https:\/\/dennytorres.com\/site\/wp-json\/wp\/v2\/media?parent=1829"}],"wp:term":[{"taxonomy":"category","embeddable":true,"href":"https:\/\/dennytorres.com\/site\/wp-json\/wp\/v2\/categories?post=1829"},{"taxonomy":"post_tag","embeddable":true,"href":"https:\/\/dennytorres.com\/site\/wp-json\/wp\/v2\/tags?post=1829"}],"curies":[{"name":"wp","href":"https:\/\/api.w.org\/{rel}","templated":true}]}}