{"id":2035,"date":"2010-02-14T21:31:40","date_gmt":"2010-02-15T00:31:40","guid":{"rendered":"http:\/\/dennytorres.com\/?p=2035"},"modified":"2010-02-14T21:31:40","modified_gmt":"2010-02-15T00:31:40","slug":"sony-ericsson-vivaz-pro","status":"publish","type":"post","link":"https:\/\/dennytorres.com\/site\/sony-ericsson-vivaz-pro\/","title":{"rendered":"Sony Ericsson Vivaz Pro"},"content":{"rendered":"<p>Na calada da noite a Sony lan\u00e7a uma vers\u00e3o com teclado QWERTY do novo top de linha da empresa, o <strong>Sony Ericsson Vivaz Pro<\/strong>.\u00a0Basicamente suas especifica\u00e7\u00f5es s\u00e3o bem parecidas, apesar de ser um pouco mais gordinho que seu irm\u00e3o mais velho, segundo o site da <strong><a href=\"http:\/\/www.gsmarena.com\/sony_ericsson_vivaz-3022.php\" target=\"_blank\" rel=\"noopener\">GSMARENA<\/a><\/strong> ele ter\u00e1 uma c\u00e2mera de <strong>5 Mega-pixel <\/strong>(mas acho que pode ser algum erro). Tamb\u00e9m vir\u00e1 com o sistema operacional <strong>Symbian S60V<\/strong>5. Ainda n\u00e3o tenho confirmada a quantidade de mem\u00f3ria RAM nos dois modelos, mas para o que ele est\u00e1 prometendo, se ele vier com 512 Mb, poder\u00e1 ser um bom substituto do meu velho de guerra, o <strong>I8910 (Omnia HD)<\/strong>.<\/p>\n<p><a href=\"http:\/\/dennytorres.files.wordpress.com\/2010\/02\/vivaz-pro_1.jpg\"><img fetchpriority=\"high\" decoding=\"async\" class=\"aligncenter size-full wp-image-2079\" title=\"Vivaz-Pro_1\" src=\"http:\/\/dennytorres.files.wordpress.com\/2010\/02\/vivaz-pro_1.jpg\" alt=\"\" width=\"600\" height=\"400\" \/><\/a><\/p>\n<p><a href=\"http:\/\/dennytorres.files.wordpress.com\/2010\/02\/vivaz_pro.jpg\"><img decoding=\"async\" class=\"aligncenter size-full wp-image-2078\" title=\"Vivaz_pro\" src=\"http:\/\/dennytorres.files.wordpress.com\/2010\/02\/vivaz_pro.jpg\" alt=\"\" width=\"600\" height=\"465\" \/><\/a><\/p>\n","protected":false},"excerpt":{"rendered":"<p>Na calada da noite a Sony lan\u00e7a uma vers\u00e3o com teclado QWERTY do novo top de linha da empresa, o Sony Ericsson Vivaz Pro.\u00a0Basicamente suas especifica\u00e7\u00f5es s\u00e3o bem parecidas, apesar de ser um pouco mais gordinho que seu irm\u00e3o mais velho, segundo o site da GSMARENA ele ter\u00e1 uma c\u00e2mera de 5 Mega-pixel (mas acho [&hellip;]<\/p>\n","protected":false},"author":1,"featured_media":0,"comment_status":"open","ping_status":"open","sticky":false,"template":"","format":"standard","meta":{"footnotes":""},"categories":[53],"tags":[111,603,742,116,163,716],"class_list":["post-2035","post","type-post","status-publish","format-standard","hentry","category-uncategorized","tag-ericsson","tag-gsmarena","tag-pro","tag-sony","tag-symbian","tag-vivaz"],"_links":{"self":[{"href":"https:\/\/dennytorres.com\/site\/wp-json\/wp\/v2\/posts\/2035","targetHints":{"allow":["GET"]}}],"collection":[{"href":"https:\/\/dennytorres.com\/site\/wp-json\/wp\/v2\/posts"}],"about":[{"href":"https:\/\/dennytorres.com\/site\/wp-json\/wp\/v2\/types\/post"}],"author":[{"embeddable":true,"href":"https:\/\/dennytorres.com\/site\/wp-json\/wp\/v2\/users\/1"}],"replies":[{"embeddable":true,"href":"https:\/\/dennytorres.com\/site\/wp-json\/wp\/v2\/comments?post=2035"}],"version-history":[{"count":0,"href":"https:\/\/dennytorres.com\/site\/wp-json\/wp\/v2\/posts\/2035\/revisions"}],"wp:attachment":[{"href":"https:\/\/dennytorres.com\/site\/wp-json\/wp\/v2\/media?parent=2035"}],"wp:term":[{"taxonomy":"category","embeddable":true,"href":"https:\/\/dennytorres.com\/site\/wp-json\/wp\/v2\/categories?post=2035"},{"taxonomy":"post_tag","embeddable":true,"href":"https:\/\/dennytorres.com\/site\/wp-json\/wp\/v2\/tags?post=2035"}],"curies":[{"name":"wp","href":"https:\/\/api.w.org\/{rel}","templated":true}]}}