{"id":2055,"date":"2010-02-15T08:21:09","date_gmt":"2010-02-15T11:21:09","guid":{"rendered":"http:\/\/dennytorres.com\/?p=2055"},"modified":"2010-02-15T08:21:09","modified_gmt":"2010-02-15T11:21:09","slug":"the-black-house-buenos-aires","status":"publish","type":"post","link":"https:\/\/dennytorres.com\/site\/the-black-house-buenos-aires\/","title":{"rendered":"The Black House \u2013 Buenos Aires"},"content":{"rendered":"<p><a href=\"http:\/\/dennytorres.files.wordpress.com\/2010\/02\/the_black_house-00.jpg\"><img fetchpriority=\"high\" decoding=\"async\" class=\"aligncenter size-full wp-image-2060\" title=\"the_black_house-00\" src=\"http:\/\/dennytorres.files.wordpress.com\/2010\/02\/the_black_house-00.jpg\" alt=\"\" width=\"600\" height=\"900\" \/><\/a><\/p>\n<blockquote><p>&#8220;Projetado pelo arquiteto argentino <strong>Andres Remy<\/strong> e constru\u00edda nos sub\u00farbios de Buenos Aires, (&#8230;) uma casa magn\u00edfica, que tem a distin\u00e7\u00e3o de ter uma fachada inteiramente preta. Brilhante e aberta ao exterior, com suas janelas enormes e volumes muito grandes (&#8230;)&#8221;<\/p><\/blockquote>\n\n<p>Fonte: <strong><a href=\"http:\/\/www.trendsnow.net\/2010\/02\/the-black-house-buenos-aires.html\" target=\"_blank\" rel=\"noopener\">Trendsnow<\/a><\/strong><\/p>\n","protected":false},"excerpt":{"rendered":"<p>&#8220;Projetado pelo arquiteto argentino Andres Remy e constru\u00edda nos sub\u00farbios de Buenos Aires, (&#8230;) uma casa magn\u00edfica, que tem a distin\u00e7\u00e3o de ter uma fachada inteiramente preta. Brilhante e aberta ao exterior, com suas janelas enormes e volumes muito grandes (&#8230;)&#8221; Fonte: Trendsnow<\/p>\n","protected":false},"author":1,"featured_media":0,"comment_status":"open","ping_status":"open","sticky":false,"template":"","format":"standard","meta":{"footnotes":""},"categories":[68],"tags":[752,753,754,144],"class_list":["post-2055","post","type-post","status-publish","format-standard","hentry","category-arquitetura","tag-aires","tag-black","tag-buenos","tag-house"],"_links":{"self":[{"href":"https:\/\/dennytorres.com\/site\/wp-json\/wp\/v2\/posts\/2055","targetHints":{"allow":["GET"]}}],"collection":[{"href":"https:\/\/dennytorres.com\/site\/wp-json\/wp\/v2\/posts"}],"about":[{"href":"https:\/\/dennytorres.com\/site\/wp-json\/wp\/v2\/types\/post"}],"author":[{"embeddable":true,"href":"https:\/\/dennytorres.com\/site\/wp-json\/wp\/v2\/users\/1"}],"replies":[{"embeddable":true,"href":"https:\/\/dennytorres.com\/site\/wp-json\/wp\/v2\/comments?post=2055"}],"version-history":[{"count":0,"href":"https:\/\/dennytorres.com\/site\/wp-json\/wp\/v2\/posts\/2055\/revisions"}],"wp:attachment":[{"href":"https:\/\/dennytorres.com\/site\/wp-json\/wp\/v2\/media?parent=2055"}],"wp:term":[{"taxonomy":"category","embeddable":true,"href":"https:\/\/dennytorres.com\/site\/wp-json\/wp\/v2\/categories?post=2055"},{"taxonomy":"post_tag","embeddable":true,"href":"https:\/\/dennytorres.com\/site\/wp-json\/wp\/v2\/tags?post=2055"}],"curies":[{"name":"wp","href":"https:\/\/api.w.org\/{rel}","templated":true}]}}