{"id":2072,"date":"2010-02-15T14:43:35","date_gmt":"2010-02-15T17:43:35","guid":{"rendered":"http:\/\/dennytorres.com\/?p=2072"},"modified":"2010-02-15T14:43:35","modified_gmt":"2010-02-15T17:43:35","slug":"nokia-e-intel-tem-meego","status":"publish","type":"post","link":"https:\/\/dennytorres.com\/site\/nokia-e-intel-tem-meego\/","title":{"rendered":"Nokia e Intel t\u00eam Meego"},"content":{"rendered":"<p><a href=\"http:\/\/meego.com\/\" target=\"_blank\" rel=\"noopener\"><img decoding=\"async\" class=\"aligncenter size-full wp-image-2074\" title=\"Meego\" src=\"http:\/\/dennytorres.files.wordpress.com\/2010\/02\/meego.jpg\" alt=\"\" width=\"320\" height=\"88\" \/><\/a><\/p>\n<p>No <strong>Mobile World Congress<\/strong>, a <strong><a href=\"http:\/\/www.nokia.com.br\/home\" target=\"_blank\" rel=\"noopener\">Nokia<\/a><\/strong> e a <strong><a href=\"http:\/\/www.intel.com\" target=\"_blank\" rel=\"noopener\">Intel<\/a><\/strong> uniram-se e apresentaram a sua nova plataforma <strong><a href=\"http:\/\/meego.com\/\" target=\"_blank\" rel=\"noopener\">Meego<\/a><\/strong>, da fus\u00e3o entre o <strong>Moblin<\/strong> e <strong><a href=\"http:\/\/maemo.org\/\" target=\"_blank\" rel=\"noopener\">Maemo<\/a><\/strong>, esta novidade ir\u00e1 funcionar em v\u00e1rios dispositivos tecnol\u00f3gicos, tais como laptops, televisores, etc. \u00a0Ele re\u00fane o melhor das duas plataformas e continua sendo de c\u00f3digo aberto, contando com a colabora\u00e7\u00e3o de diversos programadores independentes no mundo. A plataforma ser\u00e1 hospedado no site oficial do <strong>Linux<\/strong>, e aplicativos compat\u00edveis Meego ser\u00e3o inclu\u00eddos \u00a0no <strong><a href=\"https:\/\/store.ovi.com\/\" target=\"_blank\" rel=\"noopener\">Ovi Store<\/a><\/strong>. Os primeiros produtos baseados no Meego vai chegar em poucos meses.<\/p>\n<p><a href=\"http:\/\/dennytorres.files.wordpress.com\/2010\/02\/intel-nokia.jpg\"><img decoding=\"async\" class=\"aligncenter size-full wp-image-2076\" title=\"intel-nokia\" src=\"http:\/\/dennytorres.files.wordpress.com\/2010\/02\/intel-nokia.jpg\" alt=\"\" width=\"180\" height=\"119\" \/><\/a><\/p>\n","protected":false},"excerpt":{"rendered":"<p>No Mobile World Congress, a Nokia e a Intel uniram-se e apresentaram a sua nova plataforma Meego, da fus\u00e3o entre o Moblin e Maemo, esta novidade ir\u00e1 funcionar em v\u00e1rios dispositivos tecnol\u00f3gicos, tais como laptops, televisores, etc. \u00a0Ele re\u00fane o melhor das duas plataformas e continua sendo de c\u00f3digo aberto, contando com a colabora\u00e7\u00e3o de [&hellip;]<\/p>\n","protected":false},"author":1,"featured_media":0,"comment_status":"open","ping_status":"open","sticky":false,"template":"","format":"standard","meta":{"footnotes":""},"categories":[53],"tags":[370,351,415,757,758,166,759],"class_list":["post-2072","post","type-post","status-publish","format-standard","hentry","category-uncategorized","tag-intel","tag-linux","tag-maemo","tag-meego","tag-moblin","tag-nokia","tag-ovi"],"_links":{"self":[{"href":"https:\/\/dennytorres.com\/site\/wp-json\/wp\/v2\/posts\/2072","targetHints":{"allow":["GET"]}}],"collection":[{"href":"https:\/\/dennytorres.com\/site\/wp-json\/wp\/v2\/posts"}],"about":[{"href":"https:\/\/dennytorres.com\/site\/wp-json\/wp\/v2\/types\/post"}],"author":[{"embeddable":true,"href":"https:\/\/dennytorres.com\/site\/wp-json\/wp\/v2\/users\/1"}],"replies":[{"embeddable":true,"href":"https:\/\/dennytorres.com\/site\/wp-json\/wp\/v2\/comments?post=2072"}],"version-history":[{"count":0,"href":"https:\/\/dennytorres.com\/site\/wp-json\/wp\/v2\/posts\/2072\/revisions"}],"wp:attachment":[{"href":"https:\/\/dennytorres.com\/site\/wp-json\/wp\/v2\/media?parent=2072"}],"wp:term":[{"taxonomy":"category","embeddable":true,"href":"https:\/\/dennytorres.com\/site\/wp-json\/wp\/v2\/categories?post=2072"},{"taxonomy":"post_tag","embeddable":true,"href":"https:\/\/dennytorres.com\/site\/wp-json\/wp\/v2\/tags?post=2072"}],"curies":[{"name":"wp","href":"https:\/\/api.w.org\/{rel}","templated":true}]}}