{"id":2229,"date":"2010-02-23T22:21:58","date_gmt":"2010-02-24T01:21:58","guid":{"rendered":"http:\/\/dennytorres.com\/?p=2229"},"modified":"2010-02-23T22:21:58","modified_gmt":"2010-02-24T01:21:58","slug":"surgem-modulos-de-memoria-ram-para-um-tal-de-macbook-pro-2010%e2%80%b3","status":"publish","type":"post","link":"https:\/\/dennytorres.com\/site\/surgem-modulos-de-memoria-ram-para-um-tal-de-macbook-pro-2010%e2%80%b3\/","title":{"rendered":"Surgem m\u00f3dulos de mem\u00f3ria RAM para um tal de \u201cMacBook Pro 2010\u2033"},"content":{"rendered":"<blockquote><p>&#8220;Um site russo tem encontrado novos m\u00f3dulos de RAM, de 2 e 4GB, que aparentemente est\u00e3o prontas para um \u201cMacBook Pro 2010\u201d. Tendo em conta que este ano at\u00e9 agora n\u00e3o vimos nada de novo nesse intervalo, podemos estar diante de uma faixa de hardware que pode levar o MacBook Pro.<\/p>\n<p>As caracter\u00edsticas da RAM \u00e9 bastante semelhante ao presente: tipo DDR3 SODIMM, mas com um MHz 1333 (as portas atuais s\u00e3o de 1066 MHz), assim ter\u00edamos um ligeiro aumento de velocidade em relat\u00f3rios que se junte ao salto de desempenho que n\u00f3s oferecemos o i5 ou Core i7 possivelmente v\u00eam com novos laptops.<\/p>\n<p>A data de lan\u00e7amento poderia ser qualquer uma: amanh\u00e3, m\u00eas que vem\u2026 j\u00e1 foi dito antes a t\u00f4nica do iPad que poderia ter ido at\u00e9 ent\u00e3o. As faixas que chegamos at\u00e9 agora indicam, sim, teremos novidades em breve.&#8221;<\/p><\/blockquote>\n<p><a href=\"http:\/\/dennytorres.files.wordpress.com\/2010\/02\/ram_mbp2010.jpg\"><img fetchpriority=\"high\" decoding=\"async\" class=\"aligncenter size-full wp-image-2230\" title=\"ram_mbp2010\" src=\"http:\/\/dennytorres.files.wordpress.com\/2010\/02\/ram_mbp2010.jpg\" alt=\"\" width=\"500\" height=\"144\" \/><\/a><\/p>\n<p>Fonte: <a href=\"http:\/\/appleaddicted.com.br\/blog\/surgem-modulos-de-memoria-ram-para-um-tal-de-macbook-pro-2010\/\" target=\"_blank\" rel=\"noopener\"><strong>appleaddicted<\/strong><\/a><\/p>\n","protected":false},"excerpt":{"rendered":"<p>&#8220;Um site russo tem encontrado novos m\u00f3dulos de RAM, de 2 e 4GB, que aparentemente est\u00e3o prontas para um \u201cMacBook Pro 2010\u201d. Tendo em conta que este ano at\u00e9 agora n\u00e3o vimos nada de novo nesse intervalo, podemos estar diante de uma faixa de hardware que pode levar o MacBook Pro. As caracter\u00edsticas da RAM [&hellip;]<\/p>\n","protected":false},"author":1,"featured_media":0,"comment_status":"open","ping_status":"open","sticky":false,"template":"","format":"standard","meta":{"footnotes":""},"categories":[55,577],"tags":[533,806,232,447,742,807],"class_list":["post-2229","post","type-post","status-publish","format-standard","hentry","category-macintosh","category-noticias","tag-533","tag-kingston","tag-macbook","tag-memoria","tag-pro","tag-ram"],"_links":{"self":[{"href":"https:\/\/dennytorres.com\/site\/wp-json\/wp\/v2\/posts\/2229","targetHints":{"allow":["GET"]}}],"collection":[{"href":"https:\/\/dennytorres.com\/site\/wp-json\/wp\/v2\/posts"}],"about":[{"href":"https:\/\/dennytorres.com\/site\/wp-json\/wp\/v2\/types\/post"}],"author":[{"embeddable":true,"href":"https:\/\/dennytorres.com\/site\/wp-json\/wp\/v2\/users\/1"}],"replies":[{"embeddable":true,"href":"https:\/\/dennytorres.com\/site\/wp-json\/wp\/v2\/comments?post=2229"}],"version-history":[{"count":0,"href":"https:\/\/dennytorres.com\/site\/wp-json\/wp\/v2\/posts\/2229\/revisions"}],"wp:attachment":[{"href":"https:\/\/dennytorres.com\/site\/wp-json\/wp\/v2\/media?parent=2229"}],"wp:term":[{"taxonomy":"category","embeddable":true,"href":"https:\/\/dennytorres.com\/site\/wp-json\/wp\/v2\/categories?post=2229"},{"taxonomy":"post_tag","embeddable":true,"href":"https:\/\/dennytorres.com\/site\/wp-json\/wp\/v2\/tags?post=2229"}],"curies":[{"name":"wp","href":"https:\/\/api.w.org\/{rel}","templated":true}]}}