{"id":2568,"date":"2010-03-20T13:16:41","date_gmt":"2010-03-20T16:16:41","guid":{"rendered":"http:\/\/dennytorres.com\/?p=2568"},"modified":"2010-03-20T13:16:41","modified_gmt":"2010-03-20T16:16:41","slug":"benchmark-macbook-pro-modelos-2008","status":"publish","type":"post","link":"https:\/\/dennytorres.com\/site\/benchmark-macbook-pro-modelos-2008\/","title":{"rendered":"Benchmark &#8211; Macbook pro (modelos 2008)"},"content":{"rendered":"<p>Estou me programando para, no final deste ano, fazer uma viagem aos Estados Unidos da Am\u00e9rica. Inicialmente pretendo passar uns 10 dias conhecendo um pouco dos EUA j\u00e1 que nunca tive a oportunidade de fazer uma viagem internacional. Ao contr\u00e1rio do que todos pensam, n\u00e3o farei esta viagem com o objetivo de comprar <em>gadgets <\/em>e me endividar com esta muamba. O objetivo principal \u00e9 para conhecer outros lugares, treinar meu &#8220;<em>ingr\u00eas<\/em>&#8221; oxidado e me divertir bastante com o meu irm\u00e3o mais velho (irm\u00e3o e padrinho de minha filha mais nova). Ele que j\u00e1 foi outras vezes para Miami e Orlando, tem conhecimento suficiente para que n\u00e3o precisemos ficar pedindo informa\u00e7\u00f5es.<\/p>\n<p>Certamente, vou comprar algumas roupas novas t\u00eanis, \u00f3culos escuros e um rel\u00f3gio (talvez), bem como alguns acess\u00f3rios de inform\u00e1tica, como cart\u00e3o de mem\u00f3ria, pendrive, adaptadores, cabos conversores e etc. N\u00e3o me esquecerei, \u00e9 claro, de comprar uns brinquedinhos e uns vestidos de princesa para minhas filhas.<\/p>\n<p>N\u00e3o sai da minha cabe\u00e7a a oportunidade de comprar um novo MacBook Pro, por um pre\u00e7o mais acess\u00edvel que aqui no Brasil, isto se eu trouxer sem declarar. O que al\u00e9m de ilegal e imoral \u00e9 arriscado perder o que gastei para compr\u00e1-lo. Independente disso, a grande d\u00favida em trocar meu laptop \u00e9 porque estou (por enquanto) muito satisfeito com o meu <strong>Macbook pro 2,4Mhz<\/strong>. Depois que fiz um <em>upgrade<\/em> para 500Gb (7200rpm) e 4Gb de mem\u00f3ria RAM, a crian\u00e7a est\u00e1 voando baixo. Recentemente fiz uma edi\u00e7\u00e3o de v\u00eddeo utilizando o <a href=\"http:\/\/www.adobe.com\/br\/products\/premiere\/\" target=\"_blank\" rel=\"noopener\"><strong>Premiere<\/strong><\/a> &#8211; <a href=\"http:\/\/www.apple.com\/ilife\/imovie\/\" target=\"_blank\" rel=\"noopener\"><strong>Imovie<\/strong><\/a> e confesso que n\u00e3o deixou nada a desejar.<\/p>\n<p>Quando eu comprei ele, do amigo do meu amigo <a href=\"http:\/\/evaldos.wordpress.com\/\" target=\"_blank\" rel=\"noopener\"><strong>Dr. Calderon<\/strong><\/a>, achava que estes modelos de 2008 estava muito atr\u00e1s dos novos modelos, no que se refere a desempenho. Na verdade estava enganado! Estes novos modelos que a Apple inseriu na linha Pro por exemplo, que n\u00e3o possuem placa de v\u00eddeo com mem\u00f3ria dedicada, n\u00e3o tem um desempenho digno da linha. Somente os modelos que vem com processadores acima de 2.66Mhz que possuem um desempenho <strong>profissional<\/strong>. No entanto o modelo 2.66Mhz aqui no Brasil n\u00e3o sai por menos que R$ 6.800,00 e nos EUA por US$ 2.000,00(cerca de R$ 3.500,00), grana esta que n\u00e3o tenho dispon\u00edvel.<\/p>\n<p>A Apple est\u00e1 pensando em lan\u00e7ar, ainda este ano, novos modelos com processadores i5 ou i7. Neste caso, pensarei na hip\u00f3tese de adquirir uma m\u00e1quina ainda mais potente. Mas se n\u00e3o lan\u00e7arem ou se o pre\u00e7o for estupidamente elevado, continuarei muito tentado em pegar um outro MacBook pro, agora com <a href=\"http:\/\/dennytorres.files.wordpress.com\/2010\/03\/macbook-pro-early-2008.pdf\" target=\"_blank\" rel=\"noopener\"><strong>2.5Mhz ou 2.6Mhz (modelo 2008)<\/strong><\/a> (MB134LL\/A), que apesar de parecer pouco a mais, eles possuem 6Mb de mem\u00f3ria cache, que, para quem for precisar do m\u00e1ximo de desempenho poss\u00edvel, sabe que isto faz uma diferen\u00e7a enorme.<\/p>\n<p>Meu amigo <a href=\"http:\/\/evaldos.wordpress.com\/\" target=\"_blank\" rel=\"noopener\"><strong>Evaldo (Mestre das Finan\u00e7as)<\/strong><\/a> me fez a proposta de lhe vender o meu Mac e comprar um l\u00e1. Se a proposta for verdadeira, pensarei na possibilidade de comprar um modelo 2.6Mhz (no Ebay achei um por US$1.200,00 (um pouco mais que R$ 2.000,00, mas estava meio surrado nas fotos dispon\u00edveis). Daqui at\u00e9 l\u00e1, se aparecer uma oportunidade, pensarei na possibilidade de fazer este <em>upgrade<\/em>.<\/p>\n<p><strong> <\/strong><span style=\"text-decoration:underline;\"><strong>Fica a d\u00favida para os meus leitores que costumam viajar para o exterior. Caso eu compre um modelo usado no Ebay por US$ 1.000,00, como fa\u00e7o para pagar o imposto devido? Pois o vendedor certamente n\u00e3o ir\u00e1 me fornecer uma nota fiscal.<\/strong><\/span><\/p>\n<p>Para quem quiser comparar o desempenho dos MacBook pro, pode conferir clicando <a href=\"http:\/\/dennytorres.files.wordpress.com\/2010\/03\/macbook-pro-benchmarks.pdf\" target=\"_blank\" rel=\"noopener\"><strong>AQUI<\/strong><\/a>.<\/p>\n<p>Abaixo segue uma tabela comparativa de alguns modelos de MacBook pro.<\/p>\n\n","protected":false},"excerpt":{"rendered":"<p>Estou me programando para, no final deste ano, fazer uma viagem aos Estados Unidos da Am\u00e9rica. Inicialmente pretendo passar uns 10 dias conhecendo um pouco dos EUA j\u00e1 que nunca tive a oportunidade de fazer uma viagem internacional. Ao contr\u00e1rio do que todos pensam, n\u00e3o farei esta viagem com o objetivo de comprar gadgets e [&hellip;]<\/p>\n","protected":false},"author":1,"featured_media":0,"comment_status":"open","ping_status":"open","sticky":false,"template":"","format":"standard","meta":{"footnotes":""},"categories":[55],"tags":[919,462,232],"class_list":["post-2568","post","type-post","status-publish","format-standard","hentry","category-macintosh","tag-919","tag-benchmark","tag-macbook"],"_links":{"self":[{"href":"https:\/\/dennytorres.com\/site\/wp-json\/wp\/v2\/posts\/2568","targetHints":{"allow":["GET"]}}],"collection":[{"href":"https:\/\/dennytorres.com\/site\/wp-json\/wp\/v2\/posts"}],"about":[{"href":"https:\/\/dennytorres.com\/site\/wp-json\/wp\/v2\/types\/post"}],"author":[{"embeddable":true,"href":"https:\/\/dennytorres.com\/site\/wp-json\/wp\/v2\/users\/1"}],"replies":[{"embeddable":true,"href":"https:\/\/dennytorres.com\/site\/wp-json\/wp\/v2\/comments?post=2568"}],"version-history":[{"count":0,"href":"https:\/\/dennytorres.com\/site\/wp-json\/wp\/v2\/posts\/2568\/revisions"}],"wp:attachment":[{"href":"https:\/\/dennytorres.com\/site\/wp-json\/wp\/v2\/media?parent=2568"}],"wp:term":[{"taxonomy":"category","embeddable":true,"href":"https:\/\/dennytorres.com\/site\/wp-json\/wp\/v2\/categories?post=2568"},{"taxonomy":"post_tag","embeddable":true,"href":"https:\/\/dennytorres.com\/site\/wp-json\/wp\/v2\/tags?post=2568"}],"curies":[{"name":"wp","href":"https:\/\/api.w.org\/{rel}","templated":true}]}}