{"id":2614,"date":"2010-03-25T20:46:46","date_gmt":"2010-03-25T23:46:46","guid":{"rendered":"http:\/\/dennytorres.com\/?p=2614"},"modified":"2010-03-25T20:46:46","modified_gmt":"2010-03-25T23:46:46","slug":"amazon-lanca-o-kindle-para-mac","status":"publish","type":"post","link":"https:\/\/dennytorres.com\/site\/amazon-lanca-o-kindle-para-mac\/","title":{"rendered":"Amazon lan\u00e7a o Kindle para Mac"},"content":{"rendered":"<p><a href=\"http:\/\/www.kerodicas.com\/wp-content\/uploads\/2010\/03\/Kindle-for-Mac-kerodicas.png\"><img fetchpriority=\"high\" decoding=\"async\" class=\"aligncenter\" title=\"amazon_kindle_mac\" src=\"http:\/\/www.kerodicas.com\/wp-content\/uploads\/2010\/03\/Kindle-for-Mac-kerodicas.png\" alt=\"\" width=\"625\" height=\"442\" \/><\/a><\/p>\n<blockquote><p>&#8220;Chega por fim a vers\u00e3o MAC do Kindle da Amazon. Ainda na sua vers\u00e3o  beta, a 1.0.0, destinado a MACS que possuam processador Intel e que  tenham o Mac OS X 10.5 ou superior instalados. Para os que ainda  trabalham com a vers\u00e3o do Tiger ficam de fora.<\/p>\n<p>A aplica\u00e7\u00e3o permite a compra e a leitura  de livros que tenha efetuado com o Kindle, bem como a respectiva  sincroniza\u00e7\u00e3o, podendo voltar ao s\u00edtio onde ficou no seu livro esteja  onde estiver.<\/p>\n<p>A aplica\u00e7\u00e3o permite tamb\u00e9m a sincroniza\u00e7\u00e3o de pontos e frases que  tenha destacado no Kindle, podendo tamb\u00e9m fazer essas duas op\u00e7\u00f5es  atrav\u00e9s da pr\u00f3pria ferramenta.<\/p>\n<p>O download da ferramenta \u00e9 gratuito e pode ser feito no link abaixo  indicado.&#8221;<\/p><\/blockquote>\n<p style=\"text-align:center;\"><a href=\"http:\/\/www.amazon.com\/gp\/kindle\/mac\/download\" target=\"_blank\" rel=\"noopener\"><img decoding=\"async\" class=\"aligncenter size-full wp-image-2971\" title=\"Download_botao\" src=\"http:\/\/dennytorres.files.wordpress.com\/2010\/04\/download_botao.jpg\" alt=\"\" width=\"100\" height=\"28\" \/><\/a><\/p>\n<p>Fonte: <a href=\"http:\/\/www.kerodicas.com\/noticias\/artigo=32534\" target=\"_blank\" rel=\"noopener\"><strong>kerodicas<\/strong><\/a><\/p>\n","protected":false},"excerpt":{"rendered":"<p>&#8220;Chega por fim a vers\u00e3o MAC do Kindle da Amazon. Ainda na sua vers\u00e3o beta, a 1.0.0, destinado a MACS que possuam processador Intel e que tenham o Mac OS X 10.5 ou superior instalados. Para os que ainda trabalham com a vers\u00e3o do Tiger ficam de fora. A aplica\u00e7\u00e3o permite a compra e a [&hellip;]<\/p>\n","protected":false},"author":1,"featured_media":0,"comment_status":"open","ping_status":"open","sticky":false,"template":"","format":"standard","meta":{"footnotes":""},"categories":[55],"tags":[936,467,315],"class_list":["post-2614","post","type-post","status-publish","format-standard","hentry","category-macintosh","tag-amazon","tag-kindle","tag-mac"],"_links":{"self":[{"href":"https:\/\/dennytorres.com\/site\/wp-json\/wp\/v2\/posts\/2614","targetHints":{"allow":["GET"]}}],"collection":[{"href":"https:\/\/dennytorres.com\/site\/wp-json\/wp\/v2\/posts"}],"about":[{"href":"https:\/\/dennytorres.com\/site\/wp-json\/wp\/v2\/types\/post"}],"author":[{"embeddable":true,"href":"https:\/\/dennytorres.com\/site\/wp-json\/wp\/v2\/users\/1"}],"replies":[{"embeddable":true,"href":"https:\/\/dennytorres.com\/site\/wp-json\/wp\/v2\/comments?post=2614"}],"version-history":[{"count":0,"href":"https:\/\/dennytorres.com\/site\/wp-json\/wp\/v2\/posts\/2614\/revisions"}],"wp:attachment":[{"href":"https:\/\/dennytorres.com\/site\/wp-json\/wp\/v2\/media?parent=2614"}],"wp:term":[{"taxonomy":"category","embeddable":true,"href":"https:\/\/dennytorres.com\/site\/wp-json\/wp\/v2\/categories?post=2614"},{"taxonomy":"post_tag","embeddable":true,"href":"https:\/\/dennytorres.com\/site\/wp-json\/wp\/v2\/tags?post=2614"}],"curies":[{"name":"wp","href":"https:\/\/api.w.org\/{rel}","templated":true}]}}