{"id":2701,"date":"2010-04-09T12:45:36","date_gmt":"2010-04-09T15:45:36","guid":{"rendered":"http:\/\/dennytorres.com\/?p=2701"},"modified":"2010-04-09T12:45:36","modified_gmt":"2010-04-09T15:45:36","slug":"macbook-pro-atualizado-na-proxima-terca-feira","status":"publish","type":"post","link":"https:\/\/dennytorres.com\/site\/macbook-pro-atualizado-na-proxima-terca-feira\/","title":{"rendered":"MacBook Pro atualizado na pr\u00f3xima Ter\u00e7a-Feira"},"content":{"rendered":"<p>Segundo a <a href=\"http:\/\/www.macworld.com.au\/news\/view\/rumour-new-macbook-pros-next-tuesday-4726\" target=\"_blank\" rel=\"noopener\"><strong>Australian Macword<\/strong><\/a>, pr\u00f3xima Ter\u00e7a-Feira (dia 13) espera-se que a Apple divulgue as configura\u00e7\u00f5es nos novos MacBooks.<\/p>\n<p>Ser\u00e1 que vir\u00e3o com processadores i5 ou i7? Vamos esperar para conferir.<\/p>\n<p><a href=\"http:\/\/a248.e.akamai.net\/7\/248\/2041\/1680\/store.apple.com\/Catalog\/regional\/amr\/macbookpro\/img\/overview-hero.jpg\"><img fetchpriority=\"high\" decoding=\"async\" class=\"aligncenter\" title=\"Macbook\" src=\"http:\/\/a248.e.akamai.net\/7\/248\/2041\/1680\/store.apple.com\/Catalog\/regional\/amr\/macbookpro\/img\/overview-hero.jpg\" alt=\"\" width=\"467\" height=\"169\" \/> <\/a><\/p>\n","protected":false},"excerpt":{"rendered":"<p>Segundo a Australian Macword, pr\u00f3xima Ter\u00e7a-Feira (dia 13) espera-se que a Apple divulgue as configura\u00e7\u00f5es nos novos MacBooks. Ser\u00e1 que vir\u00e3o com processadores i5 ou i7? Vamos esperar para conferir.<\/p>\n","protected":false},"author":1,"featured_media":0,"comment_status":"open","ping_status":"open","sticky":false,"template":"","format":"standard","meta":{"footnotes":""},"categories":[55],"tags":[719,232,742],"class_list":["post-2701","post","type-post","status-publish","format-standard","hentry","category-macintosh","tag-atualizacao","tag-macbook","tag-pro"],"_links":{"self":[{"href":"https:\/\/dennytorres.com\/site\/wp-json\/wp\/v2\/posts\/2701","targetHints":{"allow":["GET"]}}],"collection":[{"href":"https:\/\/dennytorres.com\/site\/wp-json\/wp\/v2\/posts"}],"about":[{"href":"https:\/\/dennytorres.com\/site\/wp-json\/wp\/v2\/types\/post"}],"author":[{"embeddable":true,"href":"https:\/\/dennytorres.com\/site\/wp-json\/wp\/v2\/users\/1"}],"replies":[{"embeddable":true,"href":"https:\/\/dennytorres.com\/site\/wp-json\/wp\/v2\/comments?post=2701"}],"version-history":[{"count":0,"href":"https:\/\/dennytorres.com\/site\/wp-json\/wp\/v2\/posts\/2701\/revisions"}],"wp:attachment":[{"href":"https:\/\/dennytorres.com\/site\/wp-json\/wp\/v2\/media?parent=2701"}],"wp:term":[{"taxonomy":"category","embeddable":true,"href":"https:\/\/dennytorres.com\/site\/wp-json\/wp\/v2\/categories?post=2701"},{"taxonomy":"post_tag","embeddable":true,"href":"https:\/\/dennytorres.com\/site\/wp-json\/wp\/v2\/tags?post=2701"}],"curies":[{"name":"wp","href":"https:\/\/api.w.org\/{rel}","templated":true}]}}