{"id":2755,"date":"2010-04-13T15:02:09","date_gmt":"2010-04-13T18:02:09","guid":{"rendered":"http:\/\/dennytorres.com\/?p=2755"},"modified":"2010-04-13T15:02:09","modified_gmt":"2010-04-13T18:02:09","slug":"apple-lanca-nova-linha-de-macbooks-pro-mais-rapidos-graficos-aprimorados-e-ate-10h-de-bateria","status":"publish","type":"post","link":"https:\/\/dennytorres.com\/site\/apple-lanca-nova-linha-de-macbooks-pro-mais-rapidos-graficos-aprimorados-e-ate-10h-de-bateria\/","title":{"rendered":"Apple lan\u00e7a nova linha de MacBooks Pro; mais r\u00e1pidos, gr\u00e1ficos aprimorados e at\u00e9 10h de bateria"},"content":{"rendered":"<blockquote><p>&#8220;Como j\u00e1 era esperado h\u00e1 tempos, a Apple atualizou hoje sua linha de laptops profissionais. Os novos MacBooks Pro trazem a mais nova gera\u00e7\u00e3o de chipsets gr\u00e1ficos NVIDIA e uma bateria de ainda maior dura\u00e7\u00e3o.<\/p>\n<p>O MacBook Pro de 13 polegadas vem com <strong>processador gr\u00e1fico NVIDIA GeForce 320M (at\u00e9 80% mais r\u00e1pido que o da gera\u00e7\u00e3o anterior)<\/strong> e uma bateria embutida que promete at\u00e9 10 horas de autonomia.<\/p>\n<p>J\u00e1 os modelos de 15 e 17 polegadas j\u00e1 incorporam os chips <strong>Core i5 e i7<\/strong> da Intel, al\u00e9m de uma nova tecnologia de alterna\u00e7\u00e3o gr\u00e1fica automatizada da Apple, permitindo uma troca r\u00e1pida e suave entre a poderosa <strong>NVIDIA GeForce GT 330M<\/strong> e o processador Intel HD Graphics, mais econ\u00f4mico.<\/p>\n<p>\u201cO novo MacBook Pro \u00e9 t\u00e3o avan\u00e7ado por dentro quanto \u00e9 bonito por fora\u201d, afirmou <strong>Philip Schiller<\/strong>, vice-presidente s\u00eanior de marketing mundial de produtos da Apple. \u201cCom processadores mais r\u00e1pidos, gr\u00e1ficos impressionantes e at\u00e9 tr\u00eas horas a mais de autonomia de bateria, o novo MacBook Pro entrega tanto performance quanto efici\u00eancia.\u201d<\/p>\n<p>Os modelos de MacBooks Pro 13\u2033 trazem processadores Intel Core 2 Duo, 4GB de RAM, bateria de 10 horas e o chipset gr\u00e1fico NVIDIA GeForce 320M. Esta traz nada mais nada menos que 48 n\u00facleos de processamento \u2014 \u00e9 o processador gr\u00e1fico integrado mais r\u00e1pido do mercado. O MBP mais compacto ser\u00e1 comercializado em duas vers\u00f5es: uma com chip de 2,4GHz e HD de 250GB, a <strong>US$1.200<\/strong> (R$3.800, no Brasil); a outra, com um chip de 2,66GHz e HD de 320GB, por <strong>US$1.500<\/strong> (R$5.100 por aqui).<\/p>\n<p style=\"text-align:center;\"><a href=\"http:\/\/macmagazine.uol.com.br\/wp-content\/uploads\/2010\/04\/13-mbp.png\"><img fetchpriority=\"high\" decoding=\"async\" class=\"aligncenter\" title=\"Macbook\" src=\"http:\/\/macmagazine.uol.com.br\/wp-content\/uploads\/2010\/04\/13-mbp.png\" alt=\"\" width=\"514\" height=\"292\" \/><\/a><\/p>\n<p>J\u00e1 os modelos de 15\u2033 e 17\u2033 prometem ser at\u00e9 50% mais r\u00e1pido que os anteriores. Os chips Core i5 e i7 da Intel s\u00e3o fabricados pelo processo de 32 nan\u00f4metros, trazendo um controlador de mem\u00f3ria integrado e cache Level 3 que proporciona um acesso mais eficiente \u00e0 mem\u00f3ria do sistema. A tecnologia Hyper-Threading da Intel aprimora a sa\u00edda de dados atrav\u00e9s da cria\u00e7\u00e3o de n\u00facleos de processamento virtuais, enquanto o Turbo Boost otimiza a performance entre os dois cores do chip, acelerando o sistema de 2,66GHz para 3,06GHz em tarefas intensas que realmente requerem o uso dos dois n\u00facleos, ou at\u00e9 3,33GHz para tarefas de apenas um n\u00facleo.<\/p>\n<p><strong>Todos os MBPs maiores trazem dois chipsets gr\u00e1ficos \u2014 a NVIDIA GeForce GT 330M para performance m\u00e1xima e a Intel HD Graphics, mais econ\u00f4mica<\/strong>. Trazendo mais do dobro da performance da GeForce 320M, a GeForce GT 330M promete gr\u00e1ficos suaves e n\u00edtidos \u2014 perfeitos para jogos 3D, softwares criativos e aplicativos t\u00e9cnicos. A tecnologia de alterna\u00e7\u00e3o da Apple faz a troca entre os processadores gr\u00e1ficos automaticamente, a partir das necessidades dos programas em execu\u00e7\u00e3o. Isso proporciona sempre a melhor performance, enquanto trabalha numa melhor autonomia para o notebook. Os modelos de 15\u2033 e 17\u2033 podem chegar a 8-9 de autonomia de bateria, numa \u00fanica recarga.<\/p>\n<p style=\"text-align:center;\"><a href=\"http:\/\/macmagazine.uol.com.br\/wp-content\/uploads\/2010\/04\/13-macbookpro.jpg\"><img decoding=\"async\" class=\"aligncenter\" title=\"macbook2\" src=\"http:\/\/macmagazine.uol.com.br\/wp-content\/uploads\/2010\/04\/13-macbookpro.jpg\" alt=\"\" width=\"1387\" height=\"350\" \/><\/a><\/p>\n<p>Os MacBooks Pro de 15\u2033 estar\u00e3o dispon\u00edveis em tr\u00eas modelos: Core i5 de 2,4GHz com HD de 320GB, por <strong>US$1.800<\/strong> (R$6.500 no Brasil); Core i5 de 2,53GHz com HD de 500GB, por <strong>US$2.000<\/strong> (R$7.100 por aqui); e Core i7 de 2,66GHz com HD de 500GB, por <strong>US$2.200 <\/strong>(R$7.700 em terras tupiniquins). J\u00e1 os de 17\u2033 chegar\u00e3o ao mercado em uma \u00fanica configura\u00e7\u00e3o b\u00e1sica: Core i5 de 2,53GHz com HD de 500GB, por <strong>US$2.300<\/strong> (R$8.200 na Apple Online Store Brasil). A partir deste, a m\u00e1quina pode ser customizada pelo usu\u00e1rio, \u00e9 claro.<\/p>\n<p>De acordo com a Apple, o trackpad Multi-Touch de vidro dos MacBooks Pro agora suporta rolagem \u201cinercial\u201d \u2014 prometendo uma maneira interativa de navegar por bibliotecas de fotos muito largas, documentos longos e p\u00e1ginas da web grandes. Os displays de todos os modelos continuam de LED, chegando a 1680\u00d71050 pixels de resolu\u00e7\u00e3o na vers\u00e3o de 15\u2033 e at\u00e9 1920\u00d71200 pixels na de 17\u2033. Qualquer MBP pode ser configurado com drives de estado s\u00f3lido (SSDs), dispon\u00edveis nas capacidades 128GB, 256GB e 512GB. (&#8230;)&#8221;<\/p>\n<p><a href=\"http:\/\/macmagazine.uol.com.br\/wp-content\/uploads\/2010\/04\/13-mbp_closed.png\"><img decoding=\"async\" class=\"alignnone\" title=\"macbook3\" src=\"http:\/\/macmagazine.uol.com.br\/wp-content\/uploads\/2010\/04\/13-mbp_closed.png\" alt=\"\" width=\"545\" height=\"97\" \/><\/a><\/p>\n<p>Fonte: <a href=\"http:\/\/macmagazine.uol.com.br\/2010\/04\/13\/apple-lanca-nova-linha-de-macbooks-pro-mais-rapidos-graficos-aprimorados-e-ate-10h-de-bateria\/\" target=\"_blank\" rel=\"noopener\"><strong>MacMagazine<\/strong><\/a><\/p><\/blockquote>\n","protected":false},"excerpt":{"rendered":"<p>&#8220;Como j\u00e1 era esperado h\u00e1 tempos, a Apple atualizou hoje sua linha de laptops profissionais. Os novos MacBooks Pro trazem a mais nova gera\u00e7\u00e3o de chipsets gr\u00e1ficos NVIDIA e uma bateria de ainda maior dura\u00e7\u00e3o. O MacBook Pro de 13 polegadas vem com processador gr\u00e1fico NVIDIA GeForce 320M (at\u00e9 80% mais r\u00e1pido que o da [&hellip;]<\/p>\n","protected":false},"author":1,"featured_media":0,"comment_status":"open","ping_status":"open","sticky":false,"template":"","format":"standard","meta":{"footnotes":""},"categories":[55],"tags":[246,982,983,370,232,984,985,986],"class_list":["post-2755","post","type-post","status-publish","format-standard","hentry","category-macintosh","tag-apple","tag-i5","tag-i7","tag-intel","tag-macbook","tag-macbooks","tag-philip","tag-schiller"],"_links":{"self":[{"href":"https:\/\/dennytorres.com\/site\/wp-json\/wp\/v2\/posts\/2755","targetHints":{"allow":["GET"]}}],"collection":[{"href":"https:\/\/dennytorres.com\/site\/wp-json\/wp\/v2\/posts"}],"about":[{"href":"https:\/\/dennytorres.com\/site\/wp-json\/wp\/v2\/types\/post"}],"author":[{"embeddable":true,"href":"https:\/\/dennytorres.com\/site\/wp-json\/wp\/v2\/users\/1"}],"replies":[{"embeddable":true,"href":"https:\/\/dennytorres.com\/site\/wp-json\/wp\/v2\/comments?post=2755"}],"version-history":[{"count":0,"href":"https:\/\/dennytorres.com\/site\/wp-json\/wp\/v2\/posts\/2755\/revisions"}],"wp:attachment":[{"href":"https:\/\/dennytorres.com\/site\/wp-json\/wp\/v2\/media?parent=2755"}],"wp:term":[{"taxonomy":"category","embeddable":true,"href":"https:\/\/dennytorres.com\/site\/wp-json\/wp\/v2\/categories?post=2755"},{"taxonomy":"post_tag","embeddable":true,"href":"https:\/\/dennytorres.com\/site\/wp-json\/wp\/v2\/tags?post=2755"}],"curies":[{"name":"wp","href":"https:\/\/api.w.org\/{rel}","templated":true}]}}