{"id":2789,"date":"2010-04-17T14:03:37","date_gmt":"2010-04-17T17:03:37","guid":{"rendered":"http:\/\/dennytorres.com\/?p=2789"},"modified":"2010-04-17T14:03:37","modified_gmt":"2010-04-17T17:03:37","slug":"upgrade-de-macbook-pro-em-2010","status":"publish","type":"post","link":"https:\/\/dennytorres.com\/site\/upgrade-de-macbook-pro-em-2010\/","title":{"rendered":"Upgrade de MacBook Pro em 2010"},"content":{"rendered":"<p><!-- \t\t@page { margin: 2cm } \t\tP { margin-bottom: 0.21cm } \t\tA:link { so-language: zxx } -->N\u00e3o vou negar que esse lan\u00e7amento da nova linha de MacBook Pro me fez pensar bastante em fazer uma troca de laptop. Mas como vou fazer? Os novos modelos aqui no Brasil custar\u00e3o uma fortuna. Poderia pensar em trazer um em Agosto deste ano quando estou pensando em fazer uma viagem para os States. Mas a carga tribut\u00e1ria de nosso pa\u00eds \u00e9 t\u00e3o alta, que para eu possa traz\u00ea-lo legalmente, fica quase o mesmo valor de compr\u00e1-lo aqui sendo que ainda terei que pagar na &#8220;lata&#8221;.<\/p>\n<p>Sinceramente n\u00e3o pretendo comprar um e tentar importar ilegalmente, primeiro pelo risco e segundo porque n\u00e3o sei como fazer.<\/p>\n<p>No entanto, o lan\u00e7amento destes novos, faz com que os modelos velhos, fiquem mais em conta. No MercadoLivre j\u00e1 \u00e9 poss\u00edvel perceber esta redu\u00e7\u00e3o. Mas mesmo assim, os modelos unibody ainda custam muito caros. Minha condi\u00e7\u00e3o financeira s\u00f3 me permite adquirir um dos modelos de 2008 com um clock maior que o meu.<\/p>\n<p>A minha id\u00e9ia, \u00e9 trocar o meu 2,4 MHz (com 3Mb de cache) por um 2,53MHz ou 2,6MHz (ambos com 6 Mb de cache). Bom mesmo seria se eu achasse um 2.8, mas n\u00e3o tem dispon\u00edvel. Provavelmente quem tem n\u00e3o pensa em se desfazer.<\/p>\n<p>No entanto, trata-se de uma evolu\u00e7\u00e3o muito pequena. O aumento de desempenho s\u00f3 seria percept\u00edvel nas atividades que exigem mais do computador (jogos, edi\u00e7\u00f5es de v\u00eddeo e etc.). Ser\u00e1 que devo fazer isto?<\/p>\n<p>Outra oportunidade, seria n\u00e3o trocar de computador ainda e aproveitar que meu amigo Evaldo vai para os EUA pr\u00f3ximo m\u00eas e poderia trazer para mim um <a href=\"http:\/\/www.compusa.com\/applications\/SearchTools\/item-details.asp?EdpNo=4505183&amp;CatId=5302\" target=\"_blank\" rel=\"noopener\"><strong>SSD ExpressCard com 48 GB<\/strong><\/a>. <a href=\"http:\/\/images.highspeedbackbone.net\/skuimages\/large\/W19-1134-Main01-jl.jpg\"><img fetchpriority=\"high\" decoding=\"async\" class=\"alignright\" title=\"ssd expresscard\" src=\"http:\/\/images.highspeedbackbone.net\/skuimages\/large\/W19-1134-Main01-jl.jpg\" alt=\"\" width=\"300\" height=\"300\" \/><\/a><\/p>\n<p>Este brinquedinho possui uma velocidade de leitura de dados que chega at\u00e9 115 MB\/sec e custa <strong>US$ 145<\/strong>. Com ele, poderei instalar o MacOS no SSD e deixar meu HD interno apenas para armazenamento. Isso iria aumentar a velocidade de inicializa\u00e7\u00e3o e abertura de programas consideravelmente. No entanto, nada tem a ver com a velocidade do processamento.<\/p>\n<p>O que eu preciso me decidir \u00e9: se eu quero mais velocidade na abertura de programas ou um processador mais r\u00e1pido.<\/p>\n<p>A verdade \u00e9 que se eu comprar o SSD agora, eu poderei no futuro n\u00e3o t\u00e3o distante trocar meu computador por um com o processamento mais veloz e poderei utilizar o SSD.<\/p>\n","protected":false},"excerpt":{"rendered":"<p>N\u00e3o vou negar que esse lan\u00e7amento da nova linha de MacBook Pro me fez pensar bastante em fazer uma troca de laptop. Mas como vou fazer? Os novos modelos aqui no Brasil custar\u00e3o uma fortuna. Poderia pensar em trazer um em Agosto deste ano quando estou pensando em fazer uma viagem para os States. Mas [&hellip;]<\/p>\n","protected":false},"author":1,"featured_media":0,"comment_status":"open","ping_status":"open","sticky":false,"template":"","format":"standard","meta":{"footnotes":""},"categories":[55],"tags":[1002,232,1003],"class_list":["post-2789","post","type-post","status-publish","format-standard","hentry","category-macintosh","tag-expresscard","tag-macbook","tag-ssd"],"_links":{"self":[{"href":"https:\/\/dennytorres.com\/site\/wp-json\/wp\/v2\/posts\/2789","targetHints":{"allow":["GET"]}}],"collection":[{"href":"https:\/\/dennytorres.com\/site\/wp-json\/wp\/v2\/posts"}],"about":[{"href":"https:\/\/dennytorres.com\/site\/wp-json\/wp\/v2\/types\/post"}],"author":[{"embeddable":true,"href":"https:\/\/dennytorres.com\/site\/wp-json\/wp\/v2\/users\/1"}],"replies":[{"embeddable":true,"href":"https:\/\/dennytorres.com\/site\/wp-json\/wp\/v2\/comments?post=2789"}],"version-history":[{"count":0,"href":"https:\/\/dennytorres.com\/site\/wp-json\/wp\/v2\/posts\/2789\/revisions"}],"wp:attachment":[{"href":"https:\/\/dennytorres.com\/site\/wp-json\/wp\/v2\/media?parent=2789"}],"wp:term":[{"taxonomy":"category","embeddable":true,"href":"https:\/\/dennytorres.com\/site\/wp-json\/wp\/v2\/categories?post=2789"},{"taxonomy":"post_tag","embeddable":true,"href":"https:\/\/dennytorres.com\/site\/wp-json\/wp\/v2\/tags?post=2789"}],"curies":[{"name":"wp","href":"https:\/\/api.w.org\/{rel}","templated":true}]}}