{"id":2845,"date":"2010-04-19T22:04:25","date_gmt":"2010-04-20T01:04:25","guid":{"rendered":"http:\/\/dennytorres.com\/?p=2845"},"modified":"2010-04-19T22:04:25","modified_gmt":"2010-04-20T01:04:25","slug":"home-office","status":"publish","type":"post","link":"https:\/\/dennytorres.com\/site\/home-office\/","title":{"rendered":"Home Office"},"content":{"rendered":"<p>Daqui a poucos anos, pretendo deixar de ser empregado e passar a ser empregador ou melhor falando, empres\u00e1rio. Fa\u00e7o planos para montar o meu pr\u00f3prio neg\u00f3cio e quem sabe at\u00e9 poder ter uma sala s\u00f3 minha, onde poderei espalhar todos os meus gadgets e me concentrar mais em minhas atribui\u00e7\u00f5es administrativas, o que hoje considero, hoje, minha maior dificuldade no trabalho: Concentrar-me no trabalho.<\/p>\n<p>Tenho muita facilidade em me dispersar, perder o foco do que estou fazendo pois tenho (minha opini\u00e3o) uma percep\u00e7\u00e3o apurada do que est\u00e1 acontecendo no entorno e acabo participando dos assusntos diversos (tamb\u00e9m nem t\u00e3o &#8220;entr\u00f5es&#8221; quanto o <strong>Schiffler e o Rodrigo Nunes<\/strong>). Assumo que tamb\u00e9m dou abertura demais para que meus colegas de trabalho possam me desconcentrar o dia inteiro. Seja para me perguntar qualquer coisa (\u00e9 o dia inteiro as pessoas me perguntando algo), para beber um cafezinho (vulgarmente chamado de farin\u00e1ceos) e principalmente para falar de besteiras div\u00e9rsas, que nada tem a ver com o servi\u00e7o.<\/p>\n<p>Realmente o maior culpado disso tudo sou eu mesmo, pois permito que fa\u00e7am isto. Se ao menos eu tivesse um pouquinho da <a href=\"http:\/\/pt.wikipedia.org\/wiki\/Misantropia\" target=\"_blank\" rel=\"noopener\"><strong>misantropia<\/strong><\/a> dos meus amigos <strong>Dirvan<\/strong> e <strong>Evaldo<\/strong> (hehe) e aplicasse pelo menos uma &#8220;patadinha&#8221; leve, em um indiv\u00edduo por dia, acredito que passariam a me importunar menos. O que, acredito que poderia ajudar a aumentar minha produtividade.<\/p>\n<p>Outra alternativa seria eu mudar de lugar, mas acho esta hip\u00f3tese dif\u00edcil pois o chefe quer que todos do grupo fiquem pr\u00f3ximos (nada a ver, na minha opini\u00e3o).<\/p>\n<ul>\n<li>O primeiro passo eu j\u00e1 dei, <strong>identifiquei minha dificuldade<\/strong>;<\/li>\n<\/ul>\n<ul>\n<li>O segundo tamb\u00e9m, <strong>decidi que n\u00e3o quero mais ser desconcentrado e preciso me focar mais no trabalho <\/strong>(dizem que esta etapa \u00e9 a mais dif\u00edcil);<\/li>\n<li>A \u00faltima etapa agora \u00e9 <strong>tra\u00e7ar um plano de como fazer isto<\/strong>.<\/li>\n<\/ul>\n<p>Voltando para o assunto &#8220;minha pr\u00f3pria sala&#8221;, gostei muito do estilo deste Home Office. S\u00f3 mudaria uma coisinha: mudaria a posi\u00e7\u00e3o dos monitores pois desta maneira n\u00e3o tenho como discutir com um poss\u00edvel interlocutor (heheheh).<\/p>\n\n","protected":false},"excerpt":{"rendered":"<p>Daqui a poucos anos, pretendo deixar de ser empregado e passar a ser empregador ou melhor falando, empres\u00e1rio. Fa\u00e7o planos para montar o meu pr\u00f3prio neg\u00f3cio e quem sabe at\u00e9 poder ter uma sala s\u00f3 minha, onde poderei espalhar todos os meus gadgets e me concentrar mais em minhas atribui\u00e7\u00f5es administrativas, o que hoje considero, [&hellip;]<\/p>\n","protected":false},"author":1,"featured_media":0,"comment_status":"open","ping_status":"open","sticky":false,"template":"","format":"standard","meta":{"footnotes":""},"categories":[68,640],"tags":[1021,1022,1023],"class_list":["post-2845","post","type-post","status-publish","format-standard","hentry","category-arquitetura","category-empreendedorismo","tag-desconcentrar","tag-dispersar","tag-home-office"],"_links":{"self":[{"href":"https:\/\/dennytorres.com\/site\/wp-json\/wp\/v2\/posts\/2845","targetHints":{"allow":["GET"]}}],"collection":[{"href":"https:\/\/dennytorres.com\/site\/wp-json\/wp\/v2\/posts"}],"about":[{"href":"https:\/\/dennytorres.com\/site\/wp-json\/wp\/v2\/types\/post"}],"author":[{"embeddable":true,"href":"https:\/\/dennytorres.com\/site\/wp-json\/wp\/v2\/users\/1"}],"replies":[{"embeddable":true,"href":"https:\/\/dennytorres.com\/site\/wp-json\/wp\/v2\/comments?post=2845"}],"version-history":[{"count":0,"href":"https:\/\/dennytorres.com\/site\/wp-json\/wp\/v2\/posts\/2845\/revisions"}],"wp:attachment":[{"href":"https:\/\/dennytorres.com\/site\/wp-json\/wp\/v2\/media?parent=2845"}],"wp:term":[{"taxonomy":"category","embeddable":true,"href":"https:\/\/dennytorres.com\/site\/wp-json\/wp\/v2\/categories?post=2845"},{"taxonomy":"post_tag","embeddable":true,"href":"https:\/\/dennytorres.com\/site\/wp-json\/wp\/v2\/tags?post=2845"}],"curies":[{"name":"wp","href":"https:\/\/api.w.org\/{rel}","templated":true}]}}