{"id":2876,"date":"2010-04-23T11:00:49","date_gmt":"2010-04-23T14:00:49","guid":{"rendered":"http:\/\/dennytorres.com\/?p=2876"},"modified":"2010-04-23T11:00:49","modified_gmt":"2010-04-23T14:00:49","slug":"como-gerir-uma-empresa-familiar","status":"publish","type":"post","link":"https:\/\/dennytorres.com\/site\/como-gerir-uma-empresa-familiar\/","title":{"rendered":"Como gerir uma empresa familiar?"},"content":{"rendered":"<blockquote>\n<p><strong>&#8220;\u2022 Quais as vantagens e as desvantagens de se come\u00e7ar um neg\u00f3cio em fam\u00edlia?<\/strong><\/p>\n<p><strong> Vantagens:<\/strong><\/p>\n<p>&#8211; Trabalhar diretamente com quem se conhece o car\u00e1ter desde o inicio;<\/p>\n<p>&#8211; O sistema de decis\u00f5es tende a ser muito r\u00e1pido;<\/p>\n<p>&#8211; Comunica\u00e7\u00e3o mais facilitada e direta;<\/p>\n<p>&#8211; Metas e objetivos mais facilmente compartilhados;<\/p>\n<p>&#8211; Sobreviv\u00eancia do neg\u00f3cio \u00e9 responsabilidade de todos;<\/p>\n<p><strong>Desvantagens:<\/strong><\/p>\n<p>&#8211; Conflitos de interesses entre fam\u00edlia e empresa;<\/p>\n<p>&#8211; Planejamento financeiro feito priorizando a fam\u00edlia e depois a empresa;<\/p>\n<p>&#8211; Objetivo de enriquecimento familiar \u00e9 anterior ao plano de crescimento da empresa;<\/p>\n<p>&#8211; Consang\u00fcinidade \u00e9 fator impeditivo de profissionaliza\u00e7\u00e3o e melhoria de compet\u00eancias;<\/p>\n<p>&#8211; Lideran\u00e7a n\u00e3o pode ser contestada em fun\u00e7\u00e3o de respeito familiar.<\/p>\n<p><strong>\u2022 Quais os principais problemas \/ dificuldades que esses empres\u00e1rios enfrentar\u00e3o no in\u00edcio da empresa (levando em considera\u00e7\u00e3o o fato de serem parentes)?<\/strong><\/p>\n<p>&#8211; Falta de determina\u00e7\u00e3o clara de metas, responsabilidades e objetivos;<\/p>\n<p>&#8211; Rivalidades pessoais podem virar conflitos de relacionamento pessoal entre departamentos;<\/p>\n<p>&#8211; Falta de disciplina administrativa;<\/p>\n<p>&#8211; Excesso de comunica\u00e7\u00f5es informais;<\/p>\n<p><strong>\u2022 Como superar essas dificuldades?<\/strong><\/p>\n<p>&#8211; Ter ci\u00eancia e consci\u00eancia que fam\u00edlia e empresa s\u00e3o entes com personalidades pr\u00f3prias;<\/p>\n<p>&#8211; Os s\u00f3cios e familiares comprometidos com a continuidade da empresa;<\/p>\n<p>&#8211; Interesses pessoais ficam em segundo plano se comparados \u00e1 empresa;<\/p>\n<p>&#8211; Diferen\u00e7as pessoais devem ser respeitadas e at\u00e9 mesmo valorizadas;<\/p>\n<p>&#8211; Zelar pela harmonia das rela\u00e7\u00f5es interpessoais;<\/p>\n<p>&#8211; Os s\u00f3cios e seus familiares comprometidos com a excel\u00eancia da empresa;<\/p>\n<p>&#8211; Descobrir e refor\u00e7ar os valores da fam\u00edlia em cada um dos seus futuros herdeiros;<\/p>\n<p>&#8211; Haver pleno comprometimento com a profissionaliza\u00e7\u00e3o;<\/p>\n<p>&#8211; Os s\u00f3cios devem agir com evidencia\u00e7\u00e3o e transpar\u00eancia de seus atos;<\/p>\n<p><strong>\u2022 \u00c9 poss\u00edvel dar algumas dicas sobre como separar o pessoal do profissional?<\/strong><\/p>\n<p>&#8211; Elaborar, aprovar e acompanhar um plano estrat\u00e9gico para cada \u00e1rea de responsabilidade dos s\u00f3cios, discutindo e validado periodicamente os resultados;<\/p>\n<p>&#8211; Criar um c\u00f3digo de conduta e responsabilidades v\u00e1lido para todos os s\u00f3cios, a fim de eliminar o protecionismo familiar;<\/p>\n<p>&#8211; Usar de transpar\u00eancia e profissionalismo as a\u00e7\u00f5es que n\u00e3o atingiram resultados adequados;<\/p>\n<p>&#8211; Fam\u00edlia, fam\u00edlia, neg\u00f3cios \u00e1 parte!<\/p>\n<p><strong>\u2022 Com a empresa j\u00e1 encaminhada, como definir contrata\u00e7\u00e3o de parentes? E a entrada da segunda gera\u00e7\u00e3o no comando?<\/strong><\/p>\n<p>A contrata\u00e7\u00e3o de parentes \u00e9 uma quest\u00e3o a ser tratada e definida em Contrato Social ou em um \u201cpacto societ\u00e1rio\u201d validado por todos os s\u00f3cio, regendo a forma, condi\u00e7\u00e3o e quantifica\u00e7\u00f5es a que se faz juz.<\/p>\n<p>Se a primeira gera\u00e7\u00e3o fez capital do trabalho pela explora\u00e7\u00e3o de oportunidades de neg\u00f3cio, geralmente a segunda gera\u00e7\u00e3o chega ao poder com a miss\u00e3o de controlar e expandir esse capital.<\/p>\n<p>Desta forma, o contrato social deve reger quando e como vai iniciar-se o \u201cprocesso\u201d preparat\u00f3rio bem como sua transmiss\u00e3o e muito provavelmente a nova constitui\u00e7\u00e3o do poder deliberat\u00f3rio na estrutura de neg\u00f3cio.<\/p>\n<p><strong>\u2022 As micro e pequenas empresas familiares, de maneira geral, t\u00eam procurado se profissionalizar?<\/strong><\/p>\n<p>Apesar de notar-se uma acentuada busca por conhecimentos em gest\u00e3o por parte do empres\u00e1rio, nota-se que a quest\u00e3o profissionaliza\u00e7\u00e3o pouco evolui, mesmo porque a pequena empresa nem sempre entende profissionaliza\u00e7\u00e3o como investimento e sim como custos e despesas.<\/p>\n<p><strong>\u2022 Quais os pontos fundamentais para conseguir essa profissionaliza\u00e7\u00e3o?<\/strong><\/p>\n<p>&#8211; Definir o objetivo e o tempo de espera oferecido ao profissional;<\/p>\n<p>&#8211; Conceituar e validar a abrang\u00eancia do cargo antes de procurar o homem;<\/p>\n<p>&#8211; Especificar o tipo de pessoa adequada (perfil e comportamento);<\/p>\n<p>&#8211; Definir o apoio e as condi\u00e7\u00f5es de trabalho que lhe ser\u00e3o oferecidas<\/p>\n<p>(&#8230;)&#8221;<\/p><\/blockquote>\n<p>Fonte: <a href=\"http:\/\/reinaldomessias57.blogspot.com\/2010\/03\/empresa-familiar-me-pergunto-me.html\" target=\"_blank\" rel=\"noopener\"><strong>Bom de Neg\u00f3cio<\/strong><\/a><\/p>\n","protected":false},"excerpt":{"rendered":"<p>&#8220;\u2022 Quais as vantagens e as desvantagens de se come\u00e7ar um neg\u00f3cio em fam\u00edlia? Vantagens: &#8211; Trabalhar diretamente com quem se conhece o car\u00e1ter desde o inicio; &#8211; O sistema de decis\u00f5es tende a ser muito r\u00e1pido; &#8211; Comunica\u00e7\u00e3o mais facilitada e direta; &#8211; Metas e objetivos mais facilmente compartilhados; &#8211; Sobreviv\u00eancia do neg\u00f3cio \u00e9 [&hellip;]<\/p>\n","protected":false},"author":1,"featured_media":0,"comment_status":"open","ping_status":"open","sticky":false,"template":"","format":"standard","meta":{"footnotes":""},"categories":[53],"tags":[1030,1031,636],"class_list":["post-2876","post","type-post","status-publish","format-standard","hentry","category-uncategorized","tag-empresa","tag-familia","tag-linkedin"],"_links":{"self":[{"href":"https:\/\/dennytorres.com\/site\/wp-json\/wp\/v2\/posts\/2876","targetHints":{"allow":["GET"]}}],"collection":[{"href":"https:\/\/dennytorres.com\/site\/wp-json\/wp\/v2\/posts"}],"about":[{"href":"https:\/\/dennytorres.com\/site\/wp-json\/wp\/v2\/types\/post"}],"author":[{"embeddable":true,"href":"https:\/\/dennytorres.com\/site\/wp-json\/wp\/v2\/users\/1"}],"replies":[{"embeddable":true,"href":"https:\/\/dennytorres.com\/site\/wp-json\/wp\/v2\/comments?post=2876"}],"version-history":[{"count":0,"href":"https:\/\/dennytorres.com\/site\/wp-json\/wp\/v2\/posts\/2876\/revisions"}],"wp:attachment":[{"href":"https:\/\/dennytorres.com\/site\/wp-json\/wp\/v2\/media?parent=2876"}],"wp:term":[{"taxonomy":"category","embeddable":true,"href":"https:\/\/dennytorres.com\/site\/wp-json\/wp\/v2\/categories?post=2876"},{"taxonomy":"post_tag","embeddable":true,"href":"https:\/\/dennytorres.com\/site\/wp-json\/wp\/v2\/tags?post=2876"}],"curies":[{"name":"wp","href":"https:\/\/api.w.org\/{rel}","templated":true}]}}