{"id":2953,"date":"2010-04-25T09:25:18","date_gmt":"2010-04-25T12:25:18","guid":{"rendered":"http:\/\/dennytorres.com\/?p=2953"},"modified":"2010-04-25T09:25:18","modified_gmt":"2010-04-25T12:25:18","slug":"oscar-niemeyer-a-vida-e-um-sopro-fabiano-maciel","status":"publish","type":"post","link":"https:\/\/dennytorres.com\/site\/oscar-niemeyer-a-vida-e-um-sopro-fabiano-maciel\/","title":{"rendered":"Oscar Niemeyer \u2013 A Vida \u00e9 um sopro \u2013 Fabiano Maciel"},"content":{"rendered":"<p style=\"text-align:center;\"><a href=\"http:\/\/www.dissonancia.com\/2007\/29-07-001.jpg\"><img fetchpriority=\"high\" decoding=\"async\" class=\"aligncenter\" title=\"a vida \u00e9 um sopro\" src=\"http:\/\/www.dissonancia.com\/2007\/29-07-001.jpg\" alt=\"\" width=\"350\" height=\"505\" \/><\/a><\/p>\n<blockquote><p>&#8220;\u00c9 poss\u00edvel contar a hist\u00f3ria de um povo  atrav\u00e9s da sua arquitetura? Dizem que o aspecto mais importante da  apar\u00eancia dos edif\u00edcios est\u00e1 no que vislumbramos a respeito das  sociedades que os constru\u00edram. Seguindo este racioc\u00ednio, podemos afirmar  que a arquitetura de Oscar Niemeyer e outros arquitetos da sua gera\u00e7\u00e3o  \u00e9, com certeza, o que de melhor o Brasil produziu. Uma arquitetura com  alma pr\u00f3pria, inspirada na geografia de nosso pa\u00eds, que acabaria por  influenciar arquitetos no mundo inteiro.<\/p>\n<p>Oscar Niemeyer \u2013 A vida \u00e9 um sopro \u00e9 um  filme que, sem pretender ser inovador ou genial como o personagem que  lhe serve de tema, procura se pautar na clareza de suas linhas e na  po\u00e9tica de suas formas, para (re)construir a hist\u00f3ria do maior \u00edcone da  Arquitetura Moderna Brasileira. Uma hist\u00f3ria indissociavelmente ligada  \u00e0s transforma\u00e7\u00f5es do pa\u00eds neste \u00faltimo s\u00e9culo.<\/p>\n<p>No document\u00e1rio, de 90 minutos, o  arquiteto conta de forma descontra\u00edda como concebeu seus principais  projetos. Mostra como revolucionou a Arquitetura Moderna, com a  introdu\u00e7\u00e3o da linha curva e a explora\u00e7\u00e3o de novas possibilidades de  utiliza\u00e7\u00e3o do concreto armado. Fala tamb\u00e9m sobre sua vida, seu ideal de  uma sociedade mais justa e de quest\u00f5es metaf\u00edsicas como a  insignific\u00e2ncia do Homem diante do Universo.<\/p>\n<p>Produzido pela Santa Clara Comunica\u00e7\u00e3o e  rodado em v\u00eddeo digital e 16mm no Brasil, na Arg\u00e9lia, Fran\u00e7a, It\u00e1lia,  Estados Unidos, Uruguai, Inglaterra e Portugal, A vida \u00e9 um sopro \u00e9  costurado por imagens de arquivo in\u00e9ditas e raras, e por depoimentos de  personalidades como os escritores <a href=\"http:\/\/ebooksgratis.com.br\/tag\/jose-saramago\" target=\"_blank\" rel=\"noopener\">Jos\u00e9  Saramago<\/a>, <a href=\"http:\/\/www.portaldetonando.com.br\/forum\/historia-galeano-eduardo-t147.html\" target=\"_blank\" rel=\"noopener\">Eduardo Galeano<\/a> e <a href=\"http:\/\/www.portaldetonando.com.br\/forum\/romance-cony-carlos-heitor-t6189.html\" target=\"_blank\" rel=\"noopener\">Carlos Heitor Cony<\/a>, o poeta <a href=\"http:\/\/www.portaldetonando.com.br\/forum\/poesia-gullar-ferreira-t135.html\" target=\"_blank\" rel=\"noopener\">Ferreira Gullar<\/a>, o historiador Eric Hobsbawn, o  cineasta Nelson Pereira dos Santos, o ex-presidente de Portugal M\u00e1rio  Soares e o compositor <a href=\"http:\/\/ebooksgratis.com.br\/tag\/chico-buarque\" target=\"_blank\" rel=\"noopener\">Chico  Buarque<\/a>.&#8221;<\/p>\n<h3 style=\"text-align:center;\">Oscar Niemeyer \u2013 A Vida \u00e9 um sopro \u2013  Fabiano Maciel<\/h3>\n<p style=\"text-align:center;\">Tamanho: 700mb | Formato: avi | Dura\u00e7\u00e3o:  90 minutos<\/p>\n<p style=\"text-align:center;\"><a href=\"http:\/\/www.megaupload.com\/?f=GE848S5K\" target=\"_blank\" rel=\"noopener\">MEGAUPLOAD<\/a> | <a href=\"http:\/\/rapidshare.com\/users\/TKELC1\" target=\"_blank\" rel=\"noopener\">RAPIDSHARE<\/a> | <a href=\"http:\/\/www.easy-share.com\/f\/1326050923\/Niemeyer\" target=\"_blank\" rel=\"noopener\">EASYSHARE<\/a><\/p>\n<p style=\"text-align:center;\">Baixe tamb\u00e9m<\/p>\n<h3 style=\"text-align:center;\">Oscar Niemeyer \u2013 A Vida \u00e9 um sopro \u2013  Roteiro do Filme<\/h3>\n<p style=\"text-align:center;\"><a href=\"http:\/\/rapidshare.com\/files\/379685453\/roteiro_do_filme.zip\" target=\"_blank\" rel=\"noopener\">RAPIDSHARE<\/a><\/p>\n<\/blockquote>\n<p style=\"text-align:left;\">Fonte: <a href=\"http:\/\/ebooksgratis.com.br\/filmes-e-documentarios\/documentario-oscar-niemeyer-a-vida-e-um-sopro-fabiano-maciel\" target=\"_blank\" rel=\"noopener\"><strong>Ebooksgratis<\/strong><\/a><\/p>\n","protected":false},"excerpt":{"rendered":"<p>&#8220;\u00c9 poss\u00edvel contar a hist\u00f3ria de um povo atrav\u00e9s da sua arquitetura? Dizem que o aspecto mais importante da apar\u00eancia dos edif\u00edcios est\u00e1 no que vislumbramos a respeito das sociedades que os constru\u00edram. Seguindo este racioc\u00ednio, podemos afirmar que a arquitetura de Oscar Niemeyer e outros arquitetos da sua gera\u00e7\u00e3o \u00e9, com certeza, o que [&hellip;]<\/p>\n","protected":false},"author":1,"featured_media":0,"comment_status":"open","ping_status":"open","sticky":false,"template":"","format":"standard","meta":{"footnotes":""},"categories":[68],"tags":[1054,1055,1056,1057],"class_list":["post-2953","post","type-post","status-publish","format-standard","hentry","category-arquitetura","tag-arquiteto","tag-niemeyer","tag-oscar","tag-sopro"],"_links":{"self":[{"href":"https:\/\/dennytorres.com\/site\/wp-json\/wp\/v2\/posts\/2953","targetHints":{"allow":["GET"]}}],"collection":[{"href":"https:\/\/dennytorres.com\/site\/wp-json\/wp\/v2\/posts"}],"about":[{"href":"https:\/\/dennytorres.com\/site\/wp-json\/wp\/v2\/types\/post"}],"author":[{"embeddable":true,"href":"https:\/\/dennytorres.com\/site\/wp-json\/wp\/v2\/users\/1"}],"replies":[{"embeddable":true,"href":"https:\/\/dennytorres.com\/site\/wp-json\/wp\/v2\/comments?post=2953"}],"version-history":[{"count":0,"href":"https:\/\/dennytorres.com\/site\/wp-json\/wp\/v2\/posts\/2953\/revisions"}],"wp:attachment":[{"href":"https:\/\/dennytorres.com\/site\/wp-json\/wp\/v2\/media?parent=2953"}],"wp:term":[{"taxonomy":"category","embeddable":true,"href":"https:\/\/dennytorres.com\/site\/wp-json\/wp\/v2\/categories?post=2953"},{"taxonomy":"post_tag","embeddable":true,"href":"https:\/\/dennytorres.com\/site\/wp-json\/wp\/v2\/tags?post=2953"}],"curies":[{"name":"wp","href":"https:\/\/api.w.org\/{rel}","templated":true}]}}