{"id":3078,"date":"2010-05-02T17:21:50","date_gmt":"2010-05-02T20:21:50","guid":{"rendered":"http:\/\/dennytorres.com\/?p=3078"},"modified":"2010-05-02T17:21:50","modified_gmt":"2010-05-02T20:21:50","slug":"internacionalizacao-da-amazonia","status":"publish","type":"post","link":"https:\/\/dennytorres.com\/site\/internacionalizacao-da-amazonia\/","title":{"rendered":"Internacionaliza\u00e7\u00e3o da Amaz\u00f4nia"},"content":{"rendered":"<p>N\u00e3o sei se esta est\u00f3ria \u00e9 verdadeira, apenas achei o discurso muito bem pensado. Se for verdade, parab\u00e9ns. Se n\u00e3o for, parab\u00e9ns para quem escreveu <em>whatever<\/em>.<\/p>\n<blockquote><p><span style=\"font-family:Verdana;font-size:medium;\">Durante debate em uma universidade, nos  Estados Unidos,o ex-governador do DF, ex-ministro da educa\u00e7\u00e3o e atual  senador CRIST\u00d3VAM BUARQUE, foi questionado<br \/>\nsobre o que pensava da  internacionaliza\u00e7\u00e3o da Amaz\u00f4nia.<\/p>\n<p>O jovem americano introduziu  sua pergunta dizendo que esperava a resposta de um Humanista e n\u00e3o de um  brasileiro.<\/p>\n<p>Esta foi a resposta do Sr.Crist\u00f3vam Buarque:<\/p>\n<p>&#8220;De  fato, como brasileiro eu simplesmente falaria contra a  internacionaliza\u00e7\u00e3o da Amaz\u00f4nia. Por mais que nossos governos n\u00e3o tenham  o devido cuidado com esse patrim\u00f4nio, ele \u00e9 nosso.<\/p>\n<p>&#8220;Como  humanista, sentindo o risco da degrada\u00e7\u00e3o ambiental que sofre a  Amaz\u00f4nia, posso imaginar a sua internacionaliza\u00e7\u00e3o, como tamb\u00e9m de tudo o  mais que tem import\u00e2ncia para a humanidade.<\/p>\n<p>&#8220;Se a Amaz\u00f4nia, sob  uma \u00e9tica humanista, deve ser internacionalizada, internacionalizemos  tamb\u00e9m as reservas de petr\u00f3leo do mundo inteiro.O petr\u00f3leo \u00e9 t\u00e3o  importante para o bem-estar da humanidade quanto a Amaz\u00f4nia<br \/>\npara o  nosso futuro. Apesar disso, os donos das reservas sentem-se no direito  de aumentar ou<br \/>\ndiminuir a extra\u00e7\u00e3o de petr\u00f3leo e subir ou n\u00e3o o seu  pre\u00e7o.&#8221;<\/p>\n<p>&#8220;Da mesma forma, o capital financeiro dos pa\u00edses ricos  deveria ser<br \/>\ninternacionalizado. Se a Amaz\u00f4nia \u00e9 uma reserva para  todos os seres humanos, ela n\u00e3o pode ser queimada pela vontade de um  dono, ou de um pa\u00eds.<br \/>\nQueimar a Amaz\u00f4nia \u00e9 t\u00e3o grave quanto o  desemprego provocado pelas decis\u00f5es arbitr\u00e1rias dos especuladores  globais. N\u00e3o podemos deixar que as reservas financeiras sirvam para  queimar pa\u00edses inteiros na vol\u00fapia da especula\u00e7\u00e3o.<\/p>\n<p>&#8220;Antes mesmo  da Amaz\u00f4nia, eu gostaria de ver a internacionaliza\u00e7\u00e3o de todos os  grandes museus do mundo. O Louvre n\u00e3o deve pertencer apenas \u00e0 Fran\u00e7a.<br \/>\nCada  museu do mundo \u00e9 guardi\u00e3o das mais belas pe\u00e7as produzidas pelo g\u00eanio  humano. N\u00e3o se pode deixar esse patrim\u00f4nio cultural, como o patrim\u00f4nio  natural Amaz\u00f4nico, seja manipulado e instru\u00eddo pelo gosto de um  propriet\u00e1rio<br \/>\nou de um pa\u00eds. N\u00e3o faz muito, um milion\u00e1rio  japon\u00eas,decidiu enterrar com ele, um quadro de<br \/>\num grande mestre.  Antes disso, aquele quadro deveria ter sido internacionalizado.<\/p>\n<p>&#8220;Durante  este encontro, as Na\u00e7\u00f5es Unidas est\u00e3o realizando o F\u00f3rum do Mil\u00eanio,  mas alguns presidentes de pa\u00edses tiveram dificuldades em comparecer por  constrangimentos na fronteira dos EUA. Por isso, eu acho que Nova York,<br \/>\ncomo  sede das Na\u00e7\u00f5es Unidas, deve ser internacionalizada. Pelo menos  Manhatan deveria pertencer a toda a humanidade. Assim como Paris,  Veneza, Roma, Londres, Rio de Janeiro, Bras\u00edlia, Recife, cada cidade,  com sua beleza espec\u00edfica, sua historia do mundo, deveria pertencer ao  mundo inteiro.<\/p>\n<p>&#8220;Se os EUA querem internacionalizar a Amaz\u00f4nia,  pelo risco de deix\u00e1-la nas<br \/>\nm\u00e3os de brasileiros, internacionalizemos  todos os arsenais nucleares dos EUA. At\u00e9 porque eles j\u00e1 demonstraram que  s\u00e3o capazes de usar essas armas, provocando uma destrui\u00e7\u00e3o milhares de  vezes maiores do que as lament\u00e1veis queimadas feitas nas florestas do  Brasil.<\/p>\n<p>&#8220;Defendo a id\u00e9ia de internacionalizar as reservas  florestais do mundo em troca da d\u00edvida. Comecemos usando essa d\u00edvida  para garantir que cada crian\u00e7a do Mundo tenha possibilidade de COMER e  de ir \u00e0 escola.<br \/>\nInternacionalizemos as crian\u00e7as tratando-as, todas  elas, n\u00e3o importando o pa\u00eds onde nasceram, como patrim\u00f4nio que merece  cuidados do mundo inteiro.<\/p>\n<p>&#8220;Como humanista, aceito defender a  internacionaliza\u00e7\u00e3 o do mundo.<br \/>\nMas, enquanto o mundo me tratar como  brasileiro, lutarei para que a Amaz\u00f4nia<br \/>\nseja nossa. S\u00f3 nossa! <\/span><\/p><\/blockquote>\n","protected":false},"excerpt":{"rendered":"<p>N\u00e3o sei se esta est\u00f3ria \u00e9 verdadeira, apenas achei o discurso muito bem pensado. Se for verdade, parab\u00e9ns. Se n\u00e3o for, parab\u00e9ns para quem escreveu whatever. Durante debate em uma universidade, nos Estados Unidos,o ex-governador do DF, ex-ministro da educa\u00e7\u00e3o e atual senador CRIST\u00d3VAM BUARQUE, foi questionado sobre o que pensava da internacionaliza\u00e7\u00e3o da Amaz\u00f4nia. [&hellip;]<\/p>\n","protected":false},"author":1,"featured_media":0,"comment_status":"open","ping_status":"open","sticky":false,"template":"","format":"standard","meta":{"footnotes":""},"categories":[84,577],"tags":[1098,1099,1100,1101,1102],"class_list":["post-3078","post","type-post","status-publish","format-standard","hentry","category-curiosidades","category-noticias","tag-amazonia","tag-buarque","tag-cristovam","tag-internacionalizacao","tag-ministro"],"_links":{"self":[{"href":"https:\/\/dennytorres.com\/site\/wp-json\/wp\/v2\/posts\/3078","targetHints":{"allow":["GET"]}}],"collection":[{"href":"https:\/\/dennytorres.com\/site\/wp-json\/wp\/v2\/posts"}],"about":[{"href":"https:\/\/dennytorres.com\/site\/wp-json\/wp\/v2\/types\/post"}],"author":[{"embeddable":true,"href":"https:\/\/dennytorres.com\/site\/wp-json\/wp\/v2\/users\/1"}],"replies":[{"embeddable":true,"href":"https:\/\/dennytorres.com\/site\/wp-json\/wp\/v2\/comments?post=3078"}],"version-history":[{"count":0,"href":"https:\/\/dennytorres.com\/site\/wp-json\/wp\/v2\/posts\/3078\/revisions"}],"wp:attachment":[{"href":"https:\/\/dennytorres.com\/site\/wp-json\/wp\/v2\/media?parent=3078"}],"wp:term":[{"taxonomy":"category","embeddable":true,"href":"https:\/\/dennytorres.com\/site\/wp-json\/wp\/v2\/categories?post=3078"},{"taxonomy":"post_tag","embeddable":true,"href":"https:\/\/dennytorres.com\/site\/wp-json\/wp\/v2\/tags?post=3078"}],"curies":[{"name":"wp","href":"https:\/\/api.w.org\/{rel}","templated":true}]}}