{"id":322,"date":"2009-08-19T17:00:49","date_gmt":"2009-08-19T20:00:49","guid":{"rendered":"http:\/\/dennytorres.wordpress.com\/2009\/08\/19\/ivete-sangalo\/"},"modified":"2009-08-19T17:00:49","modified_gmt":"2009-08-19T20:00:49","slug":"ivete-sangalo","status":"publish","type":"post","link":"https:\/\/dennytorres.com\/site\/ivete-sangalo\/","title":{"rendered":"Ivete Sangalo"},"content":{"rendered":"<p style=\"text-align:center;\"><img fetchpriority=\"high\" decoding=\"async\" class=\"aligncenter size-full wp-image-332\" title=\"Ivete Sangalo\" src=\"http:\/\/dennytorres.files.wordpress.com\/2009\/08\/ivete-sangalo.png\" alt=\"Ivete Sangalo\" width=\"452\" height=\"286\" \/><br \/>\n&#8220;A produtora Cacomotion, empresa do grupo Caco de Telha Entretenimento, est\u00e1 desenvolvendo o longa-metragem de anima\u00e7\u00e3o <strong>Ivete Stellar e a Pedra da Luz<\/strong>, em que a protagonista \u00e9 inspirada na cantora Ivete Sangalo. O filme, criado e dirigido por Renato Barreto, conta com cerca de 80 minutos de dura\u00e7\u00e3o. Ser\u00e1 a primeira anima\u00e7\u00e3o do tipo produzida inteiramente no Brasil, por uma equipe de profissionais gabaritados e com experi\u00eancia internacional na \u00e1rea.<\/p>\n<p>Utilizando os recursos mais modernos em anima\u00e7\u00e3o 3D, Ivete Stellar e a Pedra da Luz narra a hist\u00f3ria de uma cantora que precisa lutar contra um maligno imperador para restaurar a alegria que existe no universo. O projeto, em fase de produ\u00e7\u00e3o e capta\u00e7\u00e3o de recursos, ainda n\u00e3o tem data prevista para lan\u00e7amento e \u00e9 um filme de proje\u00e7\u00e3o internacional, voltado para todas as idades.&#8221;<\/p>\n[youtube=http:\/\/www.youtube.com\/watch?v=cW3JgUaIluE&amp;hl=pt-br&amp;fs=1&amp;border=1]\n","protected":false},"excerpt":{"rendered":"<p>&#8220;A produtora Cacomotion, empresa do grupo Caco de Telha Entretenimento, est\u00e1 desenvolvendo o longa-metragem de anima\u00e7\u00e3o Ivete Stellar e a Pedra da Luz, em que a protagonista \u00e9 inspirada na cantora Ivete Sangalo. O filme, criado e dirigido por Renato Barreto, conta com cerca de 80 minutos de dura\u00e7\u00e3o. Ser\u00e1 a primeira anima\u00e7\u00e3o do tipo [&hellip;]<\/p>\n","protected":false},"author":1,"featured_media":0,"comment_status":"open","ping_status":"open","sticky":false,"template":"","format":"standard","meta":{"footnotes":""},"categories":[124],"tags":[129,130],"class_list":["post-322","post","type-post","status-publish","format-standard","hentry","category-videos","tag-ivete","tag-sangalo"],"_links":{"self":[{"href":"https:\/\/dennytorres.com\/site\/wp-json\/wp\/v2\/posts\/322","targetHints":{"allow":["GET"]}}],"collection":[{"href":"https:\/\/dennytorres.com\/site\/wp-json\/wp\/v2\/posts"}],"about":[{"href":"https:\/\/dennytorres.com\/site\/wp-json\/wp\/v2\/types\/post"}],"author":[{"embeddable":true,"href":"https:\/\/dennytorres.com\/site\/wp-json\/wp\/v2\/users\/1"}],"replies":[{"embeddable":true,"href":"https:\/\/dennytorres.com\/site\/wp-json\/wp\/v2\/comments?post=322"}],"version-history":[{"count":0,"href":"https:\/\/dennytorres.com\/site\/wp-json\/wp\/v2\/posts\/322\/revisions"}],"wp:attachment":[{"href":"https:\/\/dennytorres.com\/site\/wp-json\/wp\/v2\/media?parent=322"}],"wp:term":[{"taxonomy":"category","embeddable":true,"href":"https:\/\/dennytorres.com\/site\/wp-json\/wp\/v2\/categories?post=322"},{"taxonomy":"post_tag","embeddable":true,"href":"https:\/\/dennytorres.com\/site\/wp-json\/wp\/v2\/tags?post=322"}],"curies":[{"name":"wp","href":"https:\/\/api.w.org\/{rel}","templated":true}]}}