{"id":3230,"date":"2010-05-18T21:26:29","date_gmt":"2010-05-19T00:26:29","guid":{"rendered":"http:\/\/dennytorres.com\/?p=3230"},"modified":"2010-05-18T21:26:29","modified_gmt":"2010-05-19T00:26:29","slug":"apple-atualiza-macbook-white-na-mutuca","status":"publish","type":"post","link":"https:\/\/dennytorres.com\/site\/apple-atualiza-macbook-white-na-mutuca\/","title":{"rendered":"Apple atualiza MacBook White na &#8220;mutuca&#8221;"},"content":{"rendered":"<p>Para os que naceram fora da Bahia e desconhecem\u00a0 a express\u00e3o &#8220;mutuca&#8221;, entendam como &#8220;entoca&#8221; ou sorrateiramente.<\/p>\n<p>Sobre a descoberta <a href=\"http:\/\/dennytorres.com\/2010\/05\/15\/vietnamitas-acham-novo-macbook\/\" target=\"_blank\" rel=\"noopener\"><strong>vietnamita<\/strong><\/a> foi confirmado! Achei que os Macbooks somente fossem atualizados no m\u00eas de Junho, mas que surpresa. Percebi que houve atualiza\u00e7\u00e3o do novo Mac ap\u00f3s receber uma <a href=\"http:\/\/www.amystore.com.br\/produto\/184\/Novo-MacBook-----133\/\" target=\"_blank\" rel=\"noopener\"><strong>promo\u00e7\u00e3o via e-mail da Mystore<\/strong><\/a>, oferecendo o modelo anterior, com configura\u00e7\u00f5es n\u00e3o t\u00e3o desatualizadas, por um pre\u00e7o irresist\u00edvel, at\u00e9 para quem j\u00e1 tem um <strong>Macbook Pro<\/strong>. hehehehe<\/p>\n<p><a href=\"http:\/\/dennytorres.files.wordpress.com\/2010\/05\/promocao_mc207_mai10.jpg\"><img fetchpriority=\"high\" decoding=\"async\" class=\"aligncenter size-full wp-image-3231\" title=\"promocao_mc207_mai10\" src=\"http:\/\/dennytorres.files.wordpress.com\/2010\/05\/promocao_mc207_mai10.jpg\" alt=\"\" width=\"510\" height=\"657\" \/><\/a>O novo modelo, realmente possui um processador e placa de v\u00eddeo superiores, sem comentar na autonomia da bateria que chega a <strong>10 horas<\/strong> (quase um Nokia Booklet), em rela\u00e7\u00e3o ao modelo anterior, mas o pre\u00e7o aqui no Brasil realmente deixa a desejar. Mais que R$3.000,00 \u00e9 dose!<\/p>\n<p><a href=\"http:\/\/dennytorres.files.wordpress.com\/2010\/05\/macbook.jpg\"><img decoding=\"async\" class=\"aligncenter size-full wp-image-3232\" title=\"macbook\" src=\"http:\/\/dennytorres.files.wordpress.com\/2010\/05\/macbook.jpg\" alt=\"\" \/><\/a><a href=\"http:\/\/dennytorres.files.wordpress.com\/2010\/05\/novo-macbook.png\"><img decoding=\"async\" class=\"aligncenter size-full wp-image-3235\" title=\"novo macbook\" src=\"http:\/\/dennytorres.files.wordpress.com\/2010\/05\/novo-macbook.png\" alt=\"\" width=\"510\" height=\"275\" \/><\/a><\/p>\n<p>Mas esta promo\u00e7\u00e3o somente para pagamento \u00e0 vista, a prazo o valor vai para R$ 2.699,00.<\/p>\n<p>Obs. para quem n\u00e3o faz quest\u00e3o de ter o mais novo modelo, ainda tem dispon\u00edvel no site da <a href=\"http:\/\/www.amystore.com.br\/produto\/76\/MacBook-White\/\" target=\"_blank\" rel=\"noopener\"><strong>Mystore<\/strong><\/a> um modelo um pouco mais antigo (prodessador de 2,13 GHz) por R$ 2.339,00. Vale a pena conferir.<\/p>\n","protected":false},"excerpt":{"rendered":"<p>Para os que naceram fora da Bahia e desconhecem\u00a0 a express\u00e3o &#8220;mutuca&#8221;, entendam como &#8220;entoca&#8221; ou sorrateiramente. Sobre a descoberta vietnamita foi confirmado! Achei que os Macbooks somente fossem atualizados no m\u00eas de Junho, mas que surpresa. Percebi que houve atualiza\u00e7\u00e3o do novo Mac ap\u00f3s receber uma promo\u00e7\u00e3o via e-mail da Mystore, oferecendo o modelo [&hellip;]<\/p>\n","protected":false},"author":1,"featured_media":0,"comment_status":"open","ping_status":"open","sticky":false,"template":"","format":"standard","meta":{"footnotes":""},"categories":[577],"tags":[246,232,520,1134],"class_list":["post-3230","post","type-post","status-publish","format-standard","hentry","category-noticias","tag-apple","tag-macbook","tag-mystore","tag-white"],"_links":{"self":[{"href":"https:\/\/dennytorres.com\/site\/wp-json\/wp\/v2\/posts\/3230","targetHints":{"allow":["GET"]}}],"collection":[{"href":"https:\/\/dennytorres.com\/site\/wp-json\/wp\/v2\/posts"}],"about":[{"href":"https:\/\/dennytorres.com\/site\/wp-json\/wp\/v2\/types\/post"}],"author":[{"embeddable":true,"href":"https:\/\/dennytorres.com\/site\/wp-json\/wp\/v2\/users\/1"}],"replies":[{"embeddable":true,"href":"https:\/\/dennytorres.com\/site\/wp-json\/wp\/v2\/comments?post=3230"}],"version-history":[{"count":0,"href":"https:\/\/dennytorres.com\/site\/wp-json\/wp\/v2\/posts\/3230\/revisions"}],"wp:attachment":[{"href":"https:\/\/dennytorres.com\/site\/wp-json\/wp\/v2\/media?parent=3230"}],"wp:term":[{"taxonomy":"category","embeddable":true,"href":"https:\/\/dennytorres.com\/site\/wp-json\/wp\/v2\/categories?post=3230"},{"taxonomy":"post_tag","embeddable":true,"href":"https:\/\/dennytorres.com\/site\/wp-json\/wp\/v2\/tags?post=3230"}],"curies":[{"name":"wp","href":"https:\/\/api.w.org\/{rel}","templated":true}]}}