{"id":3278,"date":"2010-05-25T14:07:54","date_gmt":"2010-05-25T17:07:54","guid":{"rendered":"http:\/\/dennytorres.com\/?p=3278"},"modified":"2010-05-25T14:07:54","modified_gmt":"2010-05-25T17:07:54","slug":"usuarios-do-ipad-andam-insatisfeitos","status":"publish","type":"post","link":"https:\/\/dennytorres.com\/site\/usuarios-do-ipad-andam-insatisfeitos\/","title":{"rendered":"Usu\u00e1rios do iPad andam insatisfeitos"},"content":{"rendered":"<blockquote><p>Por Pedro Schor, especial para o Yahoo! Brasil<\/p>\n<p>Andam dizendo que o iPad \u00e9 um brinquedo sem uma verdadeira fun\u00e7\u00e3o, e agora parece que alguns dos pioneiros em adot\u00e1-los concordam.<\/p>\n<p>O mais recente \u00e9 o membro da MSNBC, Josh Belzman, que diz que, apesar do dispositivo ser belo, \u00e9 in\u00fatil. Depois de uma semana de posse da criatura, ele desistiu e revendeu seu iPad depois de perceber que a Apple j\u00e1 fez o mais \u00fatil e ergon\u00f4mico iPhone.<\/p>\n<p>&#8220;O iPad \u00e9 lindo de se olhar, mas s\u00f3 isso mesmo. \u00c9 um destruidor de lares feito de vidro e alum\u00ednio. Apenas dois dias com ele levou-me a apreciar mais o meu humilde laptop e meu inferior smartphone, e menos o senso de design da Apple&#8221;, disse ele.<\/p>\n<p>F\u00e3s da Apple alegaram que o depoimento de Belzman foi zica de um usu\u00e1rio Microsoft, mas Belzman \u00e9 um dos que usam a loja Apple inteira &#8211; com exce\u00e7\u00e3o, agora, de um IPad. Era de se prever que o IPad venderia primeiro para os f\u00e3s da Apple e depois talvez alguns usu\u00e1rios comuns poderiam se apaixonar por ele.<\/p>\n<p>As vendas dispararam, mas o quanto isso pode ser sustentado ainda \u00e9 desconhecido. O iPad pode estar indo para aqueles que, de outra forma, comprariam um iPod Touch, mas na verdade a criatura n\u00e3o tem nenhum uso de fato. Haver\u00e1 ainda mais Belzmans tentando livrar-se de seus brinquedos no Ebay.<\/p><\/blockquote>\n<p>Fonte: <a href=\"http:\/\/br.tecnologia.yahoo.com\/article\/24052010\/48\/tecnologia-usuarios-ipad-andam-insatisfeitos.html\" target=\"_blank\" rel=\"noopener\"><strong>YahooBrasil<\/strong><\/a><\/p>\n","protected":false},"excerpt":{"rendered":"<p>Por Pedro Schor, especial para o Yahoo! Brasil Andam dizendo que o iPad \u00e9 um brinquedo sem uma verdadeira fun\u00e7\u00e3o, e agora parece que alguns dos pioneiros em adot\u00e1-los concordam. O mais recente \u00e9 o membro da MSNBC, Josh Belzman, que diz que, apesar do dispositivo ser belo, \u00e9 in\u00fatil. Depois de uma semana de [&hellip;]<\/p>\n","protected":false},"author":1,"featured_media":0,"comment_status":"open","ping_status":"open","sticky":false,"template":"","format":"standard","meta":{"footnotes":""},"categories":[577],"tags":[246,648,160],"class_list":["post-3278","post","type-post","status-publish","format-standard","hentry","category-noticias","tag-apple","tag-ipad","tag-iphone"],"_links":{"self":[{"href":"https:\/\/dennytorres.com\/site\/wp-json\/wp\/v2\/posts\/3278","targetHints":{"allow":["GET"]}}],"collection":[{"href":"https:\/\/dennytorres.com\/site\/wp-json\/wp\/v2\/posts"}],"about":[{"href":"https:\/\/dennytorres.com\/site\/wp-json\/wp\/v2\/types\/post"}],"author":[{"embeddable":true,"href":"https:\/\/dennytorres.com\/site\/wp-json\/wp\/v2\/users\/1"}],"replies":[{"embeddable":true,"href":"https:\/\/dennytorres.com\/site\/wp-json\/wp\/v2\/comments?post=3278"}],"version-history":[{"count":0,"href":"https:\/\/dennytorres.com\/site\/wp-json\/wp\/v2\/posts\/3278\/revisions"}],"wp:attachment":[{"href":"https:\/\/dennytorres.com\/site\/wp-json\/wp\/v2\/media?parent=3278"}],"wp:term":[{"taxonomy":"category","embeddable":true,"href":"https:\/\/dennytorres.com\/site\/wp-json\/wp\/v2\/categories?post=3278"},{"taxonomy":"post_tag","embeddable":true,"href":"https:\/\/dennytorres.com\/site\/wp-json\/wp\/v2\/tags?post=3278"}],"curies":[{"name":"wp","href":"https:\/\/api.w.org\/{rel}","templated":true}]}}