{"id":3850,"date":"2010-07-16T17:59:26","date_gmt":"2010-07-16T20:59:26","guid":{"rendered":"http:\/\/dennytorres.com\/?p=3850"},"modified":"2010-07-16T17:59:26","modified_gmt":"2010-07-16T20:59:26","slug":"jonathan-keller-daily-photo-project","status":"publish","type":"post","link":"https:\/\/dennytorres.com\/site\/jonathan-keller-daily-photo-project\/","title":{"rendered":"Jonathan Keller | Daily Photo Project"},"content":{"rendered":"<blockquote><p>O artista novaiorquino Jonathan Keller  criou um mosaico com fotos de seu rosto, tiradas diariamente por 12 anos.<\/p><\/blockquote>\n<p><a href=\"http:\/\/dennytorres.files.wordpress.com\/2010\/07\/daily-photo2.jpg?w=300\"><img fetchpriority=\"high\" decoding=\"async\" class=\"aligncenter\" title=\"jonathan\" src=\"http:\/\/dennytorres.files.wordpress.com\/2010\/07\/daily-photo2.jpg?w=300\" alt=\"\" width=\"960\" height=\"494\" \/><\/a><\/p>\n<blockquote><p>Keller iniciou o projeto depois de comprar uma c\u00e2mera fotogr\u00e1fica digital relativamente cara, em 1998, e ser questionado pela namorada, em tom sarc\u00e1stico, se ele a usaria todo dia, informa a BBC Brasil.<\/p>\n<p>Ele pensou em algo que pudesse fotografar todos os dias e concluiu que o objeto seria seu pr\u00f3prio rosto.<\/p>\n<p>Foi assim que nasceu o projeto &#8220;The Adaptation to My Generation (A Daily Photo Project)&#8221;, h\u00e1 12 anos.Quase 4 mil fotos depois, o novaiorquino tem um arquivo completo de sua apar\u00eancia di\u00e1ria desde 1998 &#8211; com exce\u00e7\u00e3o de oito meses que passou na Ant\u00e1rtica e na Nova Zel\u00e2ndia, em que estava sem sua c\u00e2mera.<\/p>\n<p>Ele afirma que pretende continuar o projeto at\u00e9 o fim da vida e ressalta que as mudan\u00e7as ficar\u00e3o ainda mais aparentes quando tiverem se passado 20, 30 anos.<\/p>\n<p>Apesar de ser uma tarefa di\u00e1ria, Keller leva apenas um minuto por dia para tirar a foto e gasta meia hora a cada 10 ou 12 dias para incluir as novas imagens da c\u00e2mera em seu site. http:\/\/www.c71123.com\/<\/p>\n<p>Keller continua usando a c\u00e2mera que comprou h\u00e1 12 anos, uma Nikon CoolPix900.<\/p>\n<p>Em 2008, a Talent criou campanha para o jornal O Estado de S.Paulo utilizando imagens do projeto.<\/p>\n<p>Veja abaixo.<\/p><\/blockquote>\n<p>http:\/\/www.vimeo.com\/106228<\/p>\n<p>Fonte: <a href=\"http:\/\/ctrlpels.blogspot.com\/2010\/07\/jonathan-keller-daily-photo-project.html\" target=\"_blank\" rel=\"noopener\"><strong>CTRL+PELS<\/strong><\/a><\/p>\n","protected":false},"excerpt":{"rendered":"<p>O artista novaiorquino Jonathan Keller criou um mosaico com fotos de seu rosto, tiradas diariamente por 12 anos. Keller iniciou o projeto depois de comprar uma c\u00e2mera fotogr\u00e1fica digital relativamente cara, em 1998, e ser questionado pela namorada, em tom sarc\u00e1stico, se ele a usaria todo dia, informa a BBC Brasil. Ele pensou em algo [&hellip;]<\/p>\n","protected":false},"author":1,"featured_media":0,"comment_status":"open","ping_status":"open","sticky":false,"template":"","format":"standard","meta":{"footnotes":""},"categories":[84],"tags":[374,1334],"class_list":["post-3850","post","type-post","status-publish","format-standard","hentry","category-curiosidades","tag-foto","tag-photo"],"_links":{"self":[{"href":"https:\/\/dennytorres.com\/site\/wp-json\/wp\/v2\/posts\/3850","targetHints":{"allow":["GET"]}}],"collection":[{"href":"https:\/\/dennytorres.com\/site\/wp-json\/wp\/v2\/posts"}],"about":[{"href":"https:\/\/dennytorres.com\/site\/wp-json\/wp\/v2\/types\/post"}],"author":[{"embeddable":true,"href":"https:\/\/dennytorres.com\/site\/wp-json\/wp\/v2\/users\/1"}],"replies":[{"embeddable":true,"href":"https:\/\/dennytorres.com\/site\/wp-json\/wp\/v2\/comments?post=3850"}],"version-history":[{"count":0,"href":"https:\/\/dennytorres.com\/site\/wp-json\/wp\/v2\/posts\/3850\/revisions"}],"wp:attachment":[{"href":"https:\/\/dennytorres.com\/site\/wp-json\/wp\/v2\/media?parent=3850"}],"wp:term":[{"taxonomy":"category","embeddable":true,"href":"https:\/\/dennytorres.com\/site\/wp-json\/wp\/v2\/categories?post=3850"},{"taxonomy":"post_tag","embeddable":true,"href":"https:\/\/dennytorres.com\/site\/wp-json\/wp\/v2\/tags?post=3850"}],"curies":[{"name":"wp","href":"https:\/\/api.w.org\/{rel}","templated":true}]}}