{"id":3955,"date":"2010-07-31T21:44:22","date_gmt":"2010-08-01T00:44:22","guid":{"rendered":"http:\/\/dennytorres.com\/?p=3955"},"modified":"2010-07-31T21:44:22","modified_gmt":"2010-08-01T00:44:22","slug":"alfandega-libera-celular-camera-e-relogio-a-partir-de-segunda-feira","status":"publish","type":"post","link":"https:\/\/dennytorres.com\/site\/alfandega-libera-celular-camera-e-relogio-a-partir-de-segunda-feira\/","title":{"rendered":"Alf\u00e2ndega libera celular, c\u00e2mera e rel\u00f3gio a partir de segunda-feira"},"content":{"rendered":"<blockquote><p><a href=\"http:\/\/dennytorres.files.wordpress.com\/2010\/08\/receita_federal.jpg\"><img fetchpriority=\"high\" decoding=\"async\" class=\"aligncenter size-full wp-image-3963\" title=\"receita_federal\" src=\"http:\/\/dennytorres.files.wordpress.com\/2010\/08\/receita_federal.jpg\" alt=\"\" width=\"432\" height=\"226\" \/><\/a><\/p>\n<p>A partir de segunda-feira (2), o viajante que comprar um telefone  celular, um rel\u00f3gio de pulso ou uma m\u00e1quina fotogr\u00e1fica no exterior n\u00e3o  precisar\u00e1 mais declar\u00e1-lo \u00e0 Receita Federal ao retornar ao pa\u00eds. Esses  objetos far\u00e3o parte da cota de bens de uso pessoal, isentos de imposto.<\/p>\n<p>A nova legisla\u00e7\u00e3o, a ser publicada no &#8220;Di\u00e1rio Oficial da Uni\u00e3o&#8221;, tamb\u00e9m  isenta de tributa\u00e7\u00e3o roupas e acess\u00f3rios, adornos pessoais e produtos de  higiene e beleza.<\/p>\n<p>Baterias e acess\u00f3rios em quantidades compat\u00edveis, carrinhos de beb\u00ea e  equipamentos de deslocamento como cadeiras de rodas, muletas e andadores  tamb\u00e9m entram na lista.<\/p>\n<p>Notebooks e filmadoras est\u00e3o fora da lista de bens de uso pessoal. Devem  ser declarados e entram na cota j\u00e1 existente, limitada a US$ 500 para  quem usou transporte a\u00e9reo ou mar\u00edtimo e a US$ 300 para quem utilizou  transporte via terrestre, fluvial ou lacustre.<\/p>\n<p>Antes de embarcar, o viajante n\u00e3o precisar\u00e1 mais fazer a Declara\u00e7\u00e3o de  Sa\u00edda Tempor\u00e1ria de produtos estrangeiros que est\u00e1 levando. Hoje essa  medida \u00e9 considerada pela Receita como excesso de burocracia.<\/p>\n<p>O \u00f3rg\u00e3o colocar\u00e1 em seu site um &#8220;pergunt\u00e3o da bagagem&#8221;, parecido com o  &#8220;pergunt\u00e3o do Imposto de Renda&#8221;, que define o que \u00e9 considerado bem de  uso pessoal e a quantidade permitida.<\/p>\n<p>Pequenos presentes e suvenires que custem menos de US$ 10 poder\u00e3o ser  trazidos em no m\u00e1ximo 20 unidades, desde que n\u00e3o haja mais de dez  id\u00eanticas.<\/p><\/blockquote>\n<p>Fonte: <a href=\"http:\/\/www1.folha.uol.com.br\/cotidiano\/775746-alfandega-libera-celular-camera-e-relogio-a-partir-de-segunda-feira.shtml\" target=\"_blank\" rel=\"noopener\"><strong>Folha.com<\/strong><\/a><\/p>\n","protected":false},"excerpt":{"rendered":"<p>A partir de segunda-feira (2), o viajante que comprar um telefone celular, um rel\u00f3gio de pulso ou uma m\u00e1quina fotogr\u00e1fica no exterior n\u00e3o precisar\u00e1 mais declar\u00e1-lo \u00e0 Receita Federal ao retornar ao pa\u00eds. Esses objetos far\u00e3o parte da cota de bens de uso pessoal, isentos de imposto. A nova legisla\u00e7\u00e3o, a ser publicada no &#8220;Di\u00e1rio [&hellip;]<\/p>\n","protected":false},"author":1,"featured_media":0,"comment_status":"open","ping_status":"open","sticky":false,"template":"","format":"standard","meta":{"footnotes":""},"categories":[577],"tags":[1365,921],"class_list":["post-3955","post","type-post","status-publish","format-standard","hentry","category-noticias","tag-alfandega","tag-imposto"],"_links":{"self":[{"href":"https:\/\/dennytorres.com\/site\/wp-json\/wp\/v2\/posts\/3955","targetHints":{"allow":["GET"]}}],"collection":[{"href":"https:\/\/dennytorres.com\/site\/wp-json\/wp\/v2\/posts"}],"about":[{"href":"https:\/\/dennytorres.com\/site\/wp-json\/wp\/v2\/types\/post"}],"author":[{"embeddable":true,"href":"https:\/\/dennytorres.com\/site\/wp-json\/wp\/v2\/users\/1"}],"replies":[{"embeddable":true,"href":"https:\/\/dennytorres.com\/site\/wp-json\/wp\/v2\/comments?post=3955"}],"version-history":[{"count":0,"href":"https:\/\/dennytorres.com\/site\/wp-json\/wp\/v2\/posts\/3955\/revisions"}],"wp:attachment":[{"href":"https:\/\/dennytorres.com\/site\/wp-json\/wp\/v2\/media?parent=3955"}],"wp:term":[{"taxonomy":"category","embeddable":true,"href":"https:\/\/dennytorres.com\/site\/wp-json\/wp\/v2\/categories?post=3955"},{"taxonomy":"post_tag","embeddable":true,"href":"https:\/\/dennytorres.com\/site\/wp-json\/wp\/v2\/tags?post=3955"}],"curies":[{"name":"wp","href":"https:\/\/api.w.org\/{rel}","templated":true}]}}