{"id":3961,"date":"2010-08-03T21:19:46","date_gmt":"2010-08-04T00:19:46","guid":{"rendered":"http:\/\/dennytorres.com\/?p=3961"},"modified":"2010-08-03T21:19:46","modified_gmt":"2010-08-04T00:19:46","slug":"alfandega","status":"publish","type":"post","link":"https:\/\/dennytorres.com\/site\/alfandega\/","title":{"rendered":"Alf\u00e2ndega &#8211; libera\u00e7\u00e3o para c\u00e2meras e celulares"},"content":{"rendered":"<p><a href=\"http:\/\/dennytorres.files.wordpress.com\/2010\/08\/receita_federal.jpg\"><img fetchpriority=\"high\" decoding=\"async\" class=\"aligncenter size-full wp-image-3963\" title=\"receita_federal\" src=\"http:\/\/dennytorres.files.wordpress.com\/2010\/08\/receita_federal.jpg\" alt=\"\" width=\"432\" height=\"226\" \/><\/a><\/p>\n<p>Para quem estava feliz com a not\u00edcia de libera\u00e7\u00e3o para quem retornar ao Brasil, ap\u00f3s uma viagem internacional, poderia trazer c\u00e2mera fotogr\u00e1fica e celular sem declarar na cota de US$ 500,00, j\u00e1 pode voltar a ficar triste novamente.<\/p>\n<p>A verdade \u00e9 que o viajante quiser entrar no Pa\u00eds sem usar o limite da cota de isen\u00e7\u00e3o  precisa mostrar que a compra foi feita para uso profissional, ou seja, o  viajante ter\u00e1 de provar que precisou do equipamento enquanto estava no  exterior.<\/p>\n<p>Para quem quiser ver na \u00edntegra a p\u00e1gina do Di\u00e1rio Oficial, que trata do assunto, basta clicar <a href=\"http:\/\/dennytorres.files.wordpress.com\/2010\/08\/alfandega.pdf\" target=\"_blank\" rel=\"noopener\"><strong>AQUI<\/strong><\/a>.<\/p>\n","protected":false},"excerpt":{"rendered":"<p>Para quem estava feliz com a not\u00edcia de libera\u00e7\u00e3o para quem retornar ao Brasil, ap\u00f3s uma viagem internacional, poderia trazer c\u00e2mera fotogr\u00e1fica e celular sem declarar na cota de US$ 500,00, j\u00e1 pode voltar a ficar triste novamente. A verdade \u00e9 que o viajante quiser entrar no Pa\u00eds sem usar o limite da cota de [&hellip;]<\/p>\n","protected":false},"author":1,"featured_media":0,"comment_status":"open","ping_status":"open","sticky":false,"template":"","format":"standard","meta":{"footnotes":""},"categories":[577],"tags":[1365,547,400,1367],"class_list":["post-3961","post","type-post","status-publish","format-standard","hentry","category-noticias","tag-alfandega","tag-camera","tag-celular","tag-isencao"],"_links":{"self":[{"href":"https:\/\/dennytorres.com\/site\/wp-json\/wp\/v2\/posts\/3961","targetHints":{"allow":["GET"]}}],"collection":[{"href":"https:\/\/dennytorres.com\/site\/wp-json\/wp\/v2\/posts"}],"about":[{"href":"https:\/\/dennytorres.com\/site\/wp-json\/wp\/v2\/types\/post"}],"author":[{"embeddable":true,"href":"https:\/\/dennytorres.com\/site\/wp-json\/wp\/v2\/users\/1"}],"replies":[{"embeddable":true,"href":"https:\/\/dennytorres.com\/site\/wp-json\/wp\/v2\/comments?post=3961"}],"version-history":[{"count":0,"href":"https:\/\/dennytorres.com\/site\/wp-json\/wp\/v2\/posts\/3961\/revisions"}],"wp:attachment":[{"href":"https:\/\/dennytorres.com\/site\/wp-json\/wp\/v2\/media?parent=3961"}],"wp:term":[{"taxonomy":"category","embeddable":true,"href":"https:\/\/dennytorres.com\/site\/wp-json\/wp\/v2\/categories?post=3961"},{"taxonomy":"post_tag","embeddable":true,"href":"https:\/\/dennytorres.com\/site\/wp-json\/wp\/v2\/tags?post=3961"}],"curies":[{"name":"wp","href":"https:\/\/api.w.org\/{rel}","templated":true}]}}