{"id":4136,"date":"2010-09-11T21:35:39","date_gmt":"2010-09-12T00:35:39","guid":{"rendered":"http:\/\/dennytorres.com\/?p=4136"},"modified":"2010-09-11T21:35:39","modified_gmt":"2010-09-12T00:35:39","slug":"o-que-e-luz-negra","status":"publish","type":"post","link":"https:\/\/dennytorres.com\/site\/o-que-e-luz-negra\/","title":{"rendered":"O que \u00e9 luz negra?"},"content":{"rendered":"<blockquote><p>A luz negra \u00e9 o resultado da incid\u00eancia da luz comum sobre o vidro de uma l\u00e2mpada especial, mais escura e sem f\u00f3sforo. Nas l\u00e2mpadas fluorescentes brancas, a incid\u00eancia da luz s\u00f3 \u00e9 poss\u00edvel gra\u00e7as \u00e0 camada de f\u00f3sforo que reveste o tubo de vidro \u2013 isso porque a maior incid\u00eancia \u00e9 da luz ultravioleta, que s\u00f3 se torna vis\u00edvel quando passa pelo f\u00f3sforo. Quando o f\u00f3sforo \u00e9 retirado e o vidro escurecido, a luz ultravioleta passa direto pelo vidro. Ao incidir sobre superf\u00edcies claras, elas fazem o mesmo papel do f\u00f3sforo. H\u00e1 tamb\u00e9m elementos invis\u00edveis em outras superf\u00edcies que tamb\u00e9m possuem f\u00f3sforo e, ao serem banhados pela luz negra, passam a brilhar.<\/p><\/blockquote>\n<p><a href=\"http:\/\/dennytorres.files.wordpress.com\/2010\/09\/o-que-e-luz-negra1.jpg\"><img fetchpriority=\"high\" decoding=\"async\" class=\"aligncenter size-full wp-image-4138\" title=\"O que \u00e9 luz negra\" src=\"http:\/\/dennytorres.files.wordpress.com\/2010\/09\/o-que-e-luz-negra1.jpg\" alt=\"\" width=\"500\" height=\"336\" \/><\/a><\/p>\n<p>Fonte: <a href=\"http:\/\/mundoestranho.abril.com.br\/tecnologia\/luz-negra-538716.shtml\" target=\"_blank\" rel=\"noopener\"><strong>mundoestranho<\/strong><\/a><\/p>\n","protected":false},"excerpt":{"rendered":"<p>A luz negra \u00e9 o resultado da incid\u00eancia da luz comum sobre o vidro de uma l\u00e2mpada especial, mais escura e sem f\u00f3sforo. Nas l\u00e2mpadas fluorescentes brancas, a incid\u00eancia da luz s\u00f3 \u00e9 poss\u00edvel gra\u00e7as \u00e0 camada de f\u00f3sforo que reveste o tubo de vidro \u2013 isso porque a maior incid\u00eancia \u00e9 da luz ultravioleta, [&hellip;]<\/p>\n","protected":false},"author":1,"featured_media":0,"comment_status":"open","ping_status":"open","sticky":false,"template":"","format":"standard","meta":{"footnotes":""},"categories":[84],"tags":[1412,1413,1414],"class_list":["post-4136","post","type-post","status-publish","format-standard","hentry","category-curiosidades","tag-luz","tag-negra","tag-o-que-e"],"_links":{"self":[{"href":"https:\/\/dennytorres.com\/site\/wp-json\/wp\/v2\/posts\/4136","targetHints":{"allow":["GET"]}}],"collection":[{"href":"https:\/\/dennytorres.com\/site\/wp-json\/wp\/v2\/posts"}],"about":[{"href":"https:\/\/dennytorres.com\/site\/wp-json\/wp\/v2\/types\/post"}],"author":[{"embeddable":true,"href":"https:\/\/dennytorres.com\/site\/wp-json\/wp\/v2\/users\/1"}],"replies":[{"embeddable":true,"href":"https:\/\/dennytorres.com\/site\/wp-json\/wp\/v2\/comments?post=4136"}],"version-history":[{"count":0,"href":"https:\/\/dennytorres.com\/site\/wp-json\/wp\/v2\/posts\/4136\/revisions"}],"wp:attachment":[{"href":"https:\/\/dennytorres.com\/site\/wp-json\/wp\/v2\/media?parent=4136"}],"wp:term":[{"taxonomy":"category","embeddable":true,"href":"https:\/\/dennytorres.com\/site\/wp-json\/wp\/v2\/categories?post=4136"},{"taxonomy":"post_tag","embeddable":true,"href":"https:\/\/dennytorres.com\/site\/wp-json\/wp\/v2\/tags?post=4136"}],"curies":[{"name":"wp","href":"https:\/\/api.w.org\/{rel}","templated":true}]}}