{"id":4152,"date":"2010-09-15T08:19:34","date_gmt":"2010-09-15T11:19:34","guid":{"rendered":"http:\/\/dennytorres.com\/?p=4152"},"modified":"2010-09-15T08:19:34","modified_gmt":"2010-09-15T11:19:34","slug":"dados-de-politicos-serao-blindados-pela-receita-diz-mantega","status":"publish","type":"post","link":"https:\/\/dennytorres.com\/site\/dados-de-politicos-serao-blindados-pela-receita-diz-mantega\/","title":{"rendered":"Dados de pol\u00edticos ser\u00e3o &#8216;blindados&#8217; pela Receita, diz Mantega"},"content":{"rendered":"<blockquote><p>O ministro da Fazenda <strong>Guido Mantega<\/strong> anunciou na tarde desta ter\u00e7a-feira (14) que pol\u00edticos e seus familiares de at\u00e9 primeiro grau ter\u00e3o os dados fiscais &#8220;blindados&#8221; pela <strong>Receita Federal<\/strong>. As restri\u00e7\u00f5es fazem parte de uma s\u00e9rie de medidas anunciadas pelo ministro para refor\u00e7ar a seguran\u00e7a do sistema de acesso a informa\u00e7\u00f5es da Receita Federal.<\/p>\n<p><a href=\"http:\/\/s.glbimg.com\/jo\/g1\/f\/original\/2010\/09\/14\/mantega_.jpg\"><img fetchpriority=\"high\" decoding=\"async\" class=\"aligncenter\" title=\"mantega\" src=\"http:\/\/s.glbimg.com\/jo\/g1\/f\/original\/2010\/09\/14\/mantega_.jpg\" alt=\"\" width=\"301\" height=\"205\" \/><\/a><\/p>\n<p>A medida abrange vereadores, deputados estaduais e federais, senadores, ministros e presidentes de partido, mesmo que n\u00e3o ocupem cargos p\u00fablicos, disse Mantega. Os nomes das pessoas p\u00fablicas que ter\u00e3o os dados blindados estar\u00e3o em uma esp\u00e9cie de &#8220;lista de risco&#8221;, disse Mantega. Segundo o ministro, cada vez que um funcion\u00e1rio tentar acessar os dados, o alerta ser\u00e1 dado \u00e0 chefia imediata da ag\u00eancia da Receita, que tomar\u00e1 as medidas necess\u00e1rias.<\/p>\n<p>Para os nomes que estiverem na lista de restri\u00e7\u00f5es, s\u00f3 ser\u00e3o permitidos acessos de auditores respons\u00e1veis por fiscaliza\u00e7\u00f5es, desde que o motivo seja justificado. Caso o acesso n\u00e3o esteja explicitado por uma procura\u00e7\u00e3o registrada em cart\u00f3rio, o servidor que fizer a verifica\u00e7\u00e3o dos dados poder\u00e1 ser punido at\u00e9 com a perda do emprego. A puni\u00e7\u00e3o ser\u00e1 implementada por meio de uma medida provis\u00f3ria, disse Mantega. (&#8230;)<\/p><\/blockquote>\n<p><a href=\"http:\/\/g1.globo.com\/politica\/noticia\/2010\/09\/dados-de-politicos-serao-blindados-pela-receita-diz-mantega.html\" target=\"_blank\" rel=\"noopener\"><strong>Vejam a mat\u00e9ria completa clicando aqui.<\/strong><\/a><\/p>\n<p>Cada vez mais percebo que nossos l\u00edderes s\u00e3o uns verdadeiros palha\u00e7os. Outro dia fiquei espantado com o v\u00eddeo do Tiririca com a frase celebre: &#8220;pior do que est\u00e1 n\u00e3o fica, vote no Tiririca!&#8221;. Mas agora vejo que as palha\u00e7adas s\u00f3 s\u00e3o diferentes.<\/p>\n<p>Como pode? Justamente as informa\u00e7\u00f5es que deveriam ser p\u00fablicas passar\u00e3o a ser blindadas. <strong>S\u00f3 no Brasil mesmo!<\/strong><\/p>\n<p>Fonte: <a href=\"http:\/\/g1.globo.com\/politica\/noticia\/2010\/09\/dados-de-politicos-serao-blindados-pela-receita-diz-mantega.html\" target=\"_blank\" rel=\"noopener\"><strong>G1<\/strong><\/a><\/p>\n","protected":false},"excerpt":{"rendered":"<p>O ministro da Fazenda Guido Mantega anunciou na tarde desta ter\u00e7a-feira (14) que pol\u00edticos e seus familiares de at\u00e9 primeiro grau ter\u00e3o os dados fiscais &#8220;blindados&#8221; pela Receita Federal. As restri\u00e7\u00f5es fazem parte de uma s\u00e9rie de medidas anunciadas pelo ministro para refor\u00e7ar a seguran\u00e7a do sistema de acesso a informa\u00e7\u00f5es da Receita Federal. A [&hellip;]<\/p>\n","protected":false},"author":1,"featured_media":0,"comment_status":"open","ping_status":"open","sticky":false,"template":"","format":"standard","meta":{"footnotes":""},"categories":[922,577],"tags":[1419,1420],"class_list":["post-4152","post","type-post","status-publish","format-standard","hentry","category-mestre-das-financas","category-noticias","tag-guido-mantega","tag-receita-federal"],"_links":{"self":[{"href":"https:\/\/dennytorres.com\/site\/wp-json\/wp\/v2\/posts\/4152","targetHints":{"allow":["GET"]}}],"collection":[{"href":"https:\/\/dennytorres.com\/site\/wp-json\/wp\/v2\/posts"}],"about":[{"href":"https:\/\/dennytorres.com\/site\/wp-json\/wp\/v2\/types\/post"}],"author":[{"embeddable":true,"href":"https:\/\/dennytorres.com\/site\/wp-json\/wp\/v2\/users\/1"}],"replies":[{"embeddable":true,"href":"https:\/\/dennytorres.com\/site\/wp-json\/wp\/v2\/comments?post=4152"}],"version-history":[{"count":0,"href":"https:\/\/dennytorres.com\/site\/wp-json\/wp\/v2\/posts\/4152\/revisions"}],"wp:attachment":[{"href":"https:\/\/dennytorres.com\/site\/wp-json\/wp\/v2\/media?parent=4152"}],"wp:term":[{"taxonomy":"category","embeddable":true,"href":"https:\/\/dennytorres.com\/site\/wp-json\/wp\/v2\/categories?post=4152"},{"taxonomy":"post_tag","embeddable":true,"href":"https:\/\/dennytorres.com\/site\/wp-json\/wp\/v2\/tags?post=4152"}],"curies":[{"name":"wp","href":"https:\/\/api.w.org\/{rel}","templated":true}]}}