{"id":4161,"date":"2010-09-17T16:24:46","date_gmt":"2010-09-17T19:24:46","guid":{"rendered":"http:\/\/dennytorres.com\/?p=4161"},"modified":"2010-09-17T16:24:46","modified_gmt":"2010-09-17T19:24:46","slug":"eleitores-esclarecidos","status":"publish","type":"post","link":"https:\/\/dennytorres.com\/site\/eleitores-esclarecidos\/","title":{"rendered":"Eleitores esclarecidos"},"content":{"rendered":"<p><a href=\"http:\/\/dennytorres.files.wordpress.com\/2010\/09\/eleicoes.jpg\"><img fetchpriority=\"high\" decoding=\"async\" class=\"aligncenter size-full wp-image-4167\" title=\"elei\u00e7\u00f5es\" src=\"http:\/\/dennytorres.files.wordpress.com\/2010\/09\/eleicoes.jpg\" alt=\"\" width=\"400\" height=\"300\" \/><\/a><\/p>\n<blockquote><p>Caros Amigos:<\/p>\n<p>Sempre que se aproxima uma elei\u00e7\u00e3o os \u00e2nimos ficam exacerbados, todos nos achamos donos da verdade: \u201cnosso candidato \u00e9 o melhor, o outro \u00e9 um marginal\u201c. \u00c9 da\u00ed para baixo. Isto acontece no local de trabalho, na universidade, na rua, at\u00e9 na escola de nossos filhos. \u00c9 natural e temos que saber lidar com isso.<\/p>\n<p>Com a m\u00eddia n\u00e3o podia ser diferente. Os meios de comunica\u00e7\u00e3o t\u00eam propriet\u00e1rios e estes t\u00eam um lado pol\u00edtico que prevalece no notici\u00e1rio e nas opini\u00f5es divulgadas por esses meios, especialmente nesta \u00e9poca. Nada demais.<\/p>\n<p>Cabe a n\u00f3s, eleitores, receber, filtrar e assimilar \u00a0aquilo que nos parece relevante, cred\u00edvel ou mesmo conveniente. Por\u00e9m, como fazer isso livremente se somos bombardeados diariamente por manchetes espetaculares, den\u00fancias apresentadas como senten\u00e7as, opini\u00f5es como fatos, simples declara\u00e7\u00f5es como provas incontest\u00e1veis &#8211; mesmo sendo de um ex-presidi\u00e1rio transformado em testemunha confi\u00e1vel, todas alinhadas e sempre prejudicando um dos lados da contenda.<\/p>\n<p>Infelizmente \u00e9 isso que est\u00e1 acontecendo com a chamada grande m\u00eddia nesta reta final da campanha. Veja o que afirma o ex-governador de SP, Cla\u00fadio Lembo do DEM: \u201cA m\u00eddia se engajou, a m\u00eddia tem um candidato\u201d. \u00c9 o direito dela. O nosso \u00e9 saber de qual lado a m\u00eddia est\u00e1 para avaliar melhor suas informa\u00e7\u00f5es.<\/p>\n<p>Nada contra quem l\u00ea a Folha, a Veja, o Estad\u00e3o ou assiste o Jornal Nacional. Na democracia, cada um escolhe as fontes de informa\u00e7\u00e3o que bem preferir.<\/p>\n<p>Por\u00e9m, ser\u00e1 que um eleitor \u201cesclarecido\u201d \u00e9 aquele que se informa passivamente apenas na grande m\u00eddia? Ou ser\u00e1 aquele que procura, tamb\u00e9m, outras fontes de informa\u00e7\u00e3o? \u00a0Sim, caros amigos, porque not\u00edcia tem dois lados e ningu\u00e9m \u00e9 dono da verdade. Ainda bem.<\/p>\n<p>Eu, modestamente, procuro informa\u00e7\u00e3o nas duas vertentes. Por que haveria de acreditar s\u00f3 numa delas sem sequer conhecer a outra? N\u00e3o se trata de concordar com os dois lados, quase sempre opostos, mas ignorando um deles nos tornamos esclarecidos ou semi-esclarecidos? Como criticar o outro lado sem conhec\u00ea-lo? Voc\u00ea vai se privar desse direito?<\/p>\n<p>Recomendo os links que seguem. Os respons\u00e1veis pelos quatro primeiros s\u00e3o jornalistas premiados e muito reconhecidos que um dia j\u00e1 foram da grande m\u00eddia de onde sa\u00edram por discordar de seus \u201cm\u00e9todos\u201d. O \u00faltimo \u00e9 de um seman\u00e1rio cujas reportagens s\u00e3o sistematicamente ignoradas pela grande imprensa. Seu respons\u00e1vel foi o primeiro diretor da Veja, de onde saiu quando a revista decidiu n\u00e3o mais combater a ditadura militar em 1976.<\/p>\n<p><a href=\"http:\/\/www.luisnassif.com.br\/\" target=\"_blank\" rel=\"nofollow noopener\">www.luisnassif.com.br<\/a><\/p>\n<p><a href=\"http:\/\/www.viomundo.com.br\/\" target=\"_blank\" rel=\"nofollow noopener\">www.viomundo.com.br<\/a><\/p>\n<p><a href=\"http:\/\/www.conversaafiada.com.br\/\" target=\"_blank\" rel=\"nofollow noopener\">www.conversaafiada.com.br<\/a><\/p>\n<p><a href=\"http:\/\/www.escrevinhador.com.br\/\" target=\"_blank\" rel=\"nofollow noopener\">www.escrevinhador.com.br<\/a><\/p>\n<p><a href=\"http:\/\/www.cartacapital.com.br\/\" target=\"_blank\" rel=\"nofollow noopener\">www.cartacapital.com.br<\/a><\/p>\n<p>Eles t\u00eam lado? \u00c9 claro, todos temos. \u00c9 justamente por isso que neles voc\u00ea vai encontrar as not\u00edcias que a grande m\u00eddia ignora, al\u00e9m de cr\u00edticas e opini\u00f5es diferentes sobre o que ela noticia.<\/p>\n<p>Antes de me despedir, deixo quatro quest\u00f5es para reflex\u00e3o:<\/p>\n<ul type=\"disc\">\n<li>Ser\u00e1 que a evidente prefer\u00eancia da grande m\u00eddia por um dos candidatos \u00e9 puramente ideol\u00f3gica? Se for assim, por que esses meios n\u00e3o assumem editorialmente sua posi\u00e7\u00e3o, como \u00e9 costume nos grandes jornais dos Estados Unidos e da Europa e alguns meios alternativos no Brasil? Nada de mal haveria nisso e, convenha-se, seria muito mais honesto.<\/li>\n<\/ul>\n<ul type=\"disc\">\n<li>Por que fatos ocorridos em 2009 s\u00e3o noticiados e transformados em esc\u00e2ndalos somente agora faltando poucas semanas ou dias para a elei\u00e7\u00e3o?<\/li>\n<\/ul>\n<ul type=\"disc\">\n<li>Por que o Jornal Nacional de ontem 16\/09\/10, \u201cesqueceu\u201d de informar que o \u201cconsultor\u201d denunciante da suposta propina j\u00e1 foi condenado por porte de notas falsas e por recepta\u00e7\u00e3o de carga roubada?<\/li>\n<\/ul>\n<ul type=\"disc\">\n<li>Por que ser\u00e1 que esc\u00e2ndalos mais recentes sobre o mesmo tema (quebra de sigilo) como o que envolve assessores da governadora do RS, s\u00e3o ignorados no JN, no jornal O Globo, na FSP, na Veja, no Estad\u00e3o, no SBT e na Band?<\/li>\n<\/ul>\n<p>Certamente na grande m\u00eddia n\u00e3o encontrar\u00e1 as respostas.<\/p>\n<p>Se preferir ignorar o outro lado da not\u00edcia e continuar acreditando na imparcialidade da grande m\u00eddia atribuindo-lhe a verdade absoluta, pe\u00e7o desculpas pelo inc\u00f4modo. Mas lembre desta mensagem quando se autodenominar \u201celeitor esclarecido\u201d.<\/p>\n<p>Um abra\u00e7o, bom final de campanha e sorte com seus candidatos.<\/p>\n<p><strong>Autor: Juan Cordovez<\/strong><\/p>\n<p>Aracaju-SE<\/p><\/blockquote>\n","protected":false},"excerpt":{"rendered":"<p>Caros Amigos: Sempre que se aproxima uma elei\u00e7\u00e3o os \u00e2nimos ficam exacerbados, todos nos achamos donos da verdade: \u201cnosso candidato \u00e9 o melhor, o outro \u00e9 um marginal\u201c. \u00c9 da\u00ed para baixo. Isto acontece no local de trabalho, na universidade, na rua, at\u00e9 na escola de nossos filhos. \u00c9 natural e temos que saber lidar [&hellip;]<\/p>\n","protected":false},"author":1,"featured_media":0,"comment_status":"open","ping_status":"open","sticky":false,"template":"","format":"standard","meta":{"footnotes":""},"categories":[577],"tags":[1421,1340],"class_list":["post-4161","post","type-post","status-publish","format-standard","hentry","category-noticias","tag-eleicao","tag-eleicoes"],"_links":{"self":[{"href":"https:\/\/dennytorres.com\/site\/wp-json\/wp\/v2\/posts\/4161","targetHints":{"allow":["GET"]}}],"collection":[{"href":"https:\/\/dennytorres.com\/site\/wp-json\/wp\/v2\/posts"}],"about":[{"href":"https:\/\/dennytorres.com\/site\/wp-json\/wp\/v2\/types\/post"}],"author":[{"embeddable":true,"href":"https:\/\/dennytorres.com\/site\/wp-json\/wp\/v2\/users\/1"}],"replies":[{"embeddable":true,"href":"https:\/\/dennytorres.com\/site\/wp-json\/wp\/v2\/comments?post=4161"}],"version-history":[{"count":0,"href":"https:\/\/dennytorres.com\/site\/wp-json\/wp\/v2\/posts\/4161\/revisions"}],"wp:attachment":[{"href":"https:\/\/dennytorres.com\/site\/wp-json\/wp\/v2\/media?parent=4161"}],"wp:term":[{"taxonomy":"category","embeddable":true,"href":"https:\/\/dennytorres.com\/site\/wp-json\/wp\/v2\/categories?post=4161"},{"taxonomy":"post_tag","embeddable":true,"href":"https:\/\/dennytorres.com\/site\/wp-json\/wp\/v2\/tags?post=4161"}],"curies":[{"name":"wp","href":"https:\/\/api.w.org\/{rel}","templated":true}]}}