{"id":4507,"date":"2010-10-16T20:37:06","date_gmt":"2010-10-16T23:37:06","guid":{"rendered":"http:\/\/dennytorres.com\/?p=4507"},"modified":"2010-10-16T20:37:06","modified_gmt":"2010-10-16T23:37:06","slug":"mais-rumores-macbook-air-tera-duas-opcoes-de-tamanho-e-sera-so-um-pouco-mais-grosso-que-uma-porta-usb","status":"publish","type":"post","link":"https:\/\/dennytorres.com\/site\/mais-rumores-macbook-air-tera-duas-opcoes-de-tamanho-e-sera-so-um-pouco-mais-grosso-que-uma-porta-usb\/","title":{"rendered":"Mais rumores: MacBook Air ter\u00e1 duas op\u00e7\u00f5es de tamanho e ser\u00e1 s\u00f3 um pouco mais grosso que uma porta USB"},"content":{"rendered":"<p>Ser\u00e1 realmente que a Apple lan\u00e7ar\u00e1 um Netbook Air? Tudo est\u00e1 indicando que sim.<\/p>\n<p>Vamos esperar para conferir.<\/p>\n<p><a href=\"http:\/\/macmagazine.com.br\/wp-content\/uploads\/2010\/08\/11-macbook-air-2010-116-550x452.png\"><img fetchpriority=\"high\" decoding=\"async\" class=\"aligncenter\" title=\"netbook air\" src=\"http:\/\/macmagazine.com.br\/wp-content\/uploads\/2010\/08\/11-macbook-air-2010-116-550x452.png\" alt=\"\" width=\"550\" height=\"452\" \/><\/a>Fonte: <a href=\"http:\/\/macmagazine.com.br\/2010\/10\/15\/appleinsider-traz-detalhes-sobre-o-novo-macbook-air-de-116-que-sera-anunciado-na-semana-que-vem\/\" target=\"_blank\" rel=\"noopener\"><strong>Macmagazine<\/strong><\/a><\/p>\n","protected":false},"excerpt":{"rendered":"<p>Ser\u00e1 realmente que a Apple lan\u00e7ar\u00e1 um Netbook Air? Tudo est\u00e1 indicando que sim. Vamos esperar para conferir. Fonte: Macmagazine<\/p>\n","protected":false},"author":1,"featured_media":0,"comment_status":"open","ping_status":"open","sticky":false,"template":"","format":"standard","meta":{"footnotes":""},"categories":[55,577],"tags":[1533,1534],"class_list":["post-4507","post","type-post","status-publish","format-standard","hentry","category-macintosh","category-noticias","tag-macbook-air","tag-netbook-air"],"_links":{"self":[{"href":"https:\/\/dennytorres.com\/site\/wp-json\/wp\/v2\/posts\/4507","targetHints":{"allow":["GET"]}}],"collection":[{"href":"https:\/\/dennytorres.com\/site\/wp-json\/wp\/v2\/posts"}],"about":[{"href":"https:\/\/dennytorres.com\/site\/wp-json\/wp\/v2\/types\/post"}],"author":[{"embeddable":true,"href":"https:\/\/dennytorres.com\/site\/wp-json\/wp\/v2\/users\/1"}],"replies":[{"embeddable":true,"href":"https:\/\/dennytorres.com\/site\/wp-json\/wp\/v2\/comments?post=4507"}],"version-history":[{"count":0,"href":"https:\/\/dennytorres.com\/site\/wp-json\/wp\/v2\/posts\/4507\/revisions"}],"wp:attachment":[{"href":"https:\/\/dennytorres.com\/site\/wp-json\/wp\/v2\/media?parent=4507"}],"wp:term":[{"taxonomy":"category","embeddable":true,"href":"https:\/\/dennytorres.com\/site\/wp-json\/wp\/v2\/categories?post=4507"},{"taxonomy":"post_tag","embeddable":true,"href":"https:\/\/dennytorres.com\/site\/wp-json\/wp\/v2\/tags?post=4507"}],"curies":[{"name":"wp","href":"https:\/\/api.w.org\/{rel}","templated":true}]}}