{"id":4557,"date":"2010-10-20T22:02:36","date_gmt":"2010-10-21T01:02:36","guid":{"rendered":"http:\/\/dennytorres.com\/?p=4557"},"modified":"2010-10-20T22:02:36","modified_gmt":"2010-10-21T01:02:36","slug":"macbook-air-com-telas-de-116%e2%80%b3-ou-133%e2%80%b3","status":"publish","type":"post","link":"https:\/\/dennytorres.com\/site\/macbook-air-com-telas-de-116%e2%80%b3-ou-133%e2%80%b3\/","title":{"rendered":"MacBook Air com telas de 11,6\u2033 ou 13,3\u2033"},"content":{"rendered":"<p>A Apple, como todos j\u00e1 esperavam, lan\u00e7ou publicamente o nov\u00edssimo MacBook Air dispon\u00edveis com tela de 11,6\u2033 ou 13,3\u2033. N\u00e3o me surpreende a renova\u00e7\u00e3o do design do modelo com 13,3\u2033, pois \u00e9 natural a Apple fazer upgrades em seus produtos. No entanto, o lan\u00e7amento de um netbook juro que at\u00e9 pouco tempo achava que fosse fake.<\/p>\n<p>N\u00e3o tem muitos meses, quando a febre de netbooks come\u00e7ou a esquentar de verdade, Steave comentou que a est\u00f3ria de netbook n\u00e3o tinha futuro. Talvez seu discurso tenha sido parcial em fun\u00e7\u00e3o do lan\u00e7amento do Ipad, na \u00e9poca.<a href=\"http:\/\/dennytorres.files.wordpress.com\/2010\/10\/macbook-air-f.jpg\"><img fetchpriority=\"high\" decoding=\"async\" class=\"aligncenter size-full wp-image-4561\" title=\"macbook air f\" src=\"http:\/\/dennytorres.files.wordpress.com\/2010\/10\/macbook-air-f.jpg\" alt=\"\" width=\"500\" height=\"176\" \/><\/a>Bem, mais uma vez a equipe da ma\u00e7\u00e3 est\u00e1 de parab\u00e9ns. O que me incomoda muito em um netbook, \u00e9 que uma tela de 10&#8243; \u00e9 muito desconfort\u00e1vel para alguns sites. 11,6&#8243; acho que ser\u00e1 na conta certa!<\/p>\n<p><a href=\"http:\/\/dennytorres.files.wordpress.com\/2010\/10\/macbook-air-l.jpg\"><img decoding=\"async\" class=\"aligncenter size-full wp-image-4563\" title=\"macbook air l\" src=\"http:\/\/dennytorres.files.wordpress.com\/2010\/10\/macbook-air-l.jpg\" alt=\"\" width=\"500\" height=\"46\" \/><\/a>Para quem quiser assistir o comercial do novo filho, basta ir <a href=\"http:\/\/www.apple.com\/br\/macbookair\/#macbook-air-video\" target=\"_blank\" rel=\"noopener\"><strong>diretamente no site da Apple <\/strong><\/a>e conferir. No entanto, \u00e9 poss\u00edvel que se o seu navegador n\u00e3o suportar HTML5 n\u00e3o rodar\u00e1.<\/p>\n<p><a href=\"http:\/\/dennytorres.files.wordpress.com\/2010\/10\/macbook-air-bat.png\"><img decoding=\"async\" class=\"aligncenter size-full wp-image-4565\" title=\"valores macbook air\" src=\"http:\/\/dennytorres.files.wordpress.com\/2010\/10\/valores-macbook-air.png\" alt=\"\" width=\"500\" height=\"329\" \/><img loading=\"lazy\" decoding=\"async\" class=\"alignright size-full wp-image-4566\" title=\"macbook air bat\" src=\"http:\/\/dennytorres.files.wordpress.com\/2010\/10\/macbook-air-bat.png\" alt=\"\" width=\"221\" height=\"141\" \/><\/a>O modelo com 11,6&#8243;, tem quase todos os  recursos do modelo com 13&#8243;, mas sem o slot para cart\u00f5es e um  processador mais lento (<strong>1,4GHz padr\u00e3o ou 1,6GHz opcional<\/strong>). Tela com propor\u00e7\u00e3o 16:9 com uma resolu\u00e7\u00e3o de <strong>1366\u00d7768  pixels<\/strong> e sua <strong>bateria tem autonomia de at\u00e9 5 horas<\/strong> (30 dias de standby). O novo MacBook Air usar\u00e1 mem\u00f3ria NAND flash, assim como os iPhones, iPods e iPads. Com isso, conseguiram um espa\u00e7o precioso para a bateria.<\/p>\n<p><a href=\"http:\/\/dennytorres.files.wordpress.com\/2010\/10\/macbook-air-r.jpg\"><img loading=\"lazy\" decoding=\"async\" class=\"aligncenter size-full wp-image-4564\" title=\"macbook air r\" src=\"http:\/\/dennytorres.files.wordpress.com\/2010\/10\/macbook-air-r.jpg\" alt=\"\" width=\"500\" height=\"135\" \/><\/a><a href=\"http:\/\/dennytorres.files.wordpress.com\/2010\/10\/macbook-air-fundo.jpg\"><img loading=\"lazy\" decoding=\"async\" class=\"aligncenter size-full wp-image-4562\" title=\"macbook air fundo\" src=\"http:\/\/dennytorres.files.wordpress.com\/2010\/10\/macbook-air-fundo.jpg\" alt=\"\" width=\"500\" height=\"350\" \/><\/a><\/p>\n<p>Outra coisa que achei fant\u00e1stico, foi o abandono total da m\u00eddia \u00f3ptica. Chega desse neg\u00f3cio de CD e DVD, isso \u00e9 coisa do passado. Agora o <strong>MacOSX<\/strong> bem como o <strong>ILife 11<\/strong> vem em um pendrive, pense!<\/p>\n<p><a href=\"http:\/\/dennytorres.files.wordpress.com\/2010\/10\/caixa-macbook-air.png\"><img loading=\"lazy\" decoding=\"async\" class=\"aligncenter size-full wp-image-4559\" title=\"caixa macbook air\" src=\"http:\/\/dennytorres.files.wordpress.com\/2010\/10\/caixa-macbook-air.png\" alt=\"\" width=\"500\" height=\"225\" \/><\/a><\/p>\n","protected":false},"excerpt":{"rendered":"<p>A Apple, como todos j\u00e1 esperavam, lan\u00e7ou publicamente o nov\u00edssimo MacBook Air dispon\u00edveis com tela de 11,6\u2033 ou 13,3\u2033. N\u00e3o me surpreende a renova\u00e7\u00e3o do design do modelo com 13,3\u2033, pois \u00e9 natural a Apple fazer upgrades em seus produtos. No entanto, o lan\u00e7amento de um netbook juro que at\u00e9 pouco tempo achava que fosse [&hellip;]<\/p>\n","protected":false},"author":1,"featured_media":0,"comment_status":"open","ping_status":"open","sticky":false,"template":"","format":"standard","meta":{"footnotes":""},"categories":[55,577],"tags":[396,232,165,1550],"class_list":["post-4557","post","type-post","status-publish","format-standard","hentry","category-macintosh","category-noticias","tag-air","tag-macbook","tag-netbook","tag-polegadas"],"_links":{"self":[{"href":"https:\/\/dennytorres.com\/site\/wp-json\/wp\/v2\/posts\/4557","targetHints":{"allow":["GET"]}}],"collection":[{"href":"https:\/\/dennytorres.com\/site\/wp-json\/wp\/v2\/posts"}],"about":[{"href":"https:\/\/dennytorres.com\/site\/wp-json\/wp\/v2\/types\/post"}],"author":[{"embeddable":true,"href":"https:\/\/dennytorres.com\/site\/wp-json\/wp\/v2\/users\/1"}],"replies":[{"embeddable":true,"href":"https:\/\/dennytorres.com\/site\/wp-json\/wp\/v2\/comments?post=4557"}],"version-history":[{"count":0,"href":"https:\/\/dennytorres.com\/site\/wp-json\/wp\/v2\/posts\/4557\/revisions"}],"wp:attachment":[{"href":"https:\/\/dennytorres.com\/site\/wp-json\/wp\/v2\/media?parent=4557"}],"wp:term":[{"taxonomy":"category","embeddable":true,"href":"https:\/\/dennytorres.com\/site\/wp-json\/wp\/v2\/categories?post=4557"},{"taxonomy":"post_tag","embeddable":true,"href":"https:\/\/dennytorres.com\/site\/wp-json\/wp\/v2\/tags?post=4557"}],"curies":[{"name":"wp","href":"https:\/\/api.w.org\/{rel}","templated":true}]}}