{"id":4916,"date":"2010-11-20T22:46:56","date_gmt":"2010-11-21T01:46:56","guid":{"rendered":"http:\/\/dennytorres.com\/?p=4916"},"modified":"2010-11-20T22:46:56","modified_gmt":"2010-11-21T01:46:56","slug":"aeroporto-do-rio-comeca-a-usar-scanner-corporal","status":"publish","type":"post","link":"https:\/\/dennytorres.com\/site\/aeroporto-do-rio-comeca-a-usar-scanner-corporal\/","title":{"rendered":"Aeroporto do Rio come\u00e7a a usar scanner corporal"},"content":{"rendered":"<p><a href=\"http:\/\/dennytorres.files.wordpress.com\/2010\/11\/inverted-body-scanners.jpg?w=300\"><img fetchpriority=\"high\" decoding=\"async\" class=\"aligncenter\" title=\"scanner\" src=\"http:\/\/dennytorres.files.wordpress.com\/2010\/11\/inverted-body-scanners.jpg?w=300\" alt=\"\" width=\"465\" height=\"349\" \/><\/a><\/p>\n<blockquote><p>O chefe da Delegacia da Pol\u00edcia Federal do aeroporto internacional Tom Jobim (Gale\u00e3o), delegado Alcyr Vidal, afirmou que o novo aparelho de escaneamento corporal, o &#8220;body scanner&#8221; &#8211; que ser\u00e1 usado para seguir normas internacionais de seguran\u00e7a &#8211; j\u00e1 est\u00e1 em funcionamento nesta sexta-feira no setor C do terminal 1, na \u00e1rea de embarque internacional do Rio. O Rio \u00e9 a primeira cidade a usar o aparelho, que funcionar\u00e1 tamb\u00e9m no embarque internacional de Guarulhos (SP), Gale\u00e3o (Rio), Manaus (AM) e Recife (PE).<\/p>\n<p>Segundo Vidal, ao menos dez passageiros j\u00e1 haviam passado pelo equipamento at\u00e9 o come\u00e7o da tarde. &#8220;A equipe analisa a situa\u00e7\u00e3o e v\u00ea se \u00e9 necess\u00e1rio passar algum passageiro com atitude suspeita no &#8216;body scanner&#8217;. A gente n\u00e3o pode colocar uma pessoa suspeita dentro da aeronave. Por isso, se o passageiro suspeito for abordado por policiais e n\u00e3o quiser passar no equipamento, ele n\u00e3o entra no avi\u00e3o por quest\u00f5es de seguran\u00e7a de voo&#8221;, disse.<\/p>\n<p>A PF (Pol\u00edcia Federal) informou que o aparelho de escaneamento corporal ser\u00e1 usado apenas por passageiros selecionados em embarques de aeroportos brasileiros. (&#8230;)<\/p>\n<p>&#8220;O &#8216;body scanner&#8217; \u00e9 capaz de detectar dispositivos explosivos eventualmente escondidos em cavidades, nas partes \u00edntimas ou amarrados ao corpo. \u00c9 um equipamento com uma energia muito baixa que pode passar al\u00e9m de camisas e cal\u00e7as&#8221;, disse \u00e0 Folha o subcoordenador do Laborat\u00f3rio de Ci\u00eancias Radiol\u00f3gicas da UERJ (Universidade do Estado do Rio de Janeiro), Ant\u00f4nio Peregrino.<\/p>\n<p>De acordo com a PF, ao refletir o corpo humano e eventuais armas escondidas, as ondas milim\u00e9tricas do &#8220;body scanner&#8221; podem tornar transparentes camadas leves de roupas. Um receptor coleta os sinais refletidos e os direciona a um computador, respons\u00e1vel por processar os dados e gerar uma imagem tridimensional dos indiv\u00edduos escaneados. (&#8230;)<\/p>\n<p>Os aparelhos de escaneamento corporal foram doados \u00e0 PF pelo governo dos Estados Unidos por meio de acordo de coopera\u00e7\u00e3o firmado com o governo brasileiro para enfrentamento do tr\u00e1fico transnacional de drogas ilegais. Segundo a PF, a instala\u00e7\u00e3o do equipamento visa atender aos padr\u00f5es internacionais de seguran\u00e7a diante da realiza\u00e7\u00e3o da Copa de 2014 e dos Jogos Ol\u00edmpicos de 2016, inclusive no combate ao terrorismo.<\/p><\/blockquote>\n<p><strong>Mas aqui em nosso pa\u00eds, como tudo \u00e9 levado a s\u00e9rio, qual ser\u00e1 o crit\u00e9rio a ser utilizado para selecionar pessoas consideradas suspeitas? Seriam as mulheres mais gatas?<\/strong><\/p>\n<p><strong> Ser\u00e1 que os nossos pol\u00edticos ter\u00e3o que passar por isto ou n\u00e3o s\u00e3o suspeitos? <\/strong><\/p>\n<p><strong>E quanto as crian\u00e7as? Voc\u00ea deixaria sua filhinha ser escaneada pelos marmanjos da Pol\u00edcia Federal do Brasil?<\/strong><\/p>\n<p>Fonte: <strong><a href=\"http:\/\/desastresaereosnews.blogspot.com\/2010\/05\/aeroporto-do-rio-comeca-usar-scanner.html\" target=\"_blank\" rel=\"noopener\">desastresaereosnews<\/a><\/strong><\/p>\n","protected":false},"excerpt":{"rendered":"<p>O chefe da Delegacia da Pol\u00edcia Federal do aeroporto internacional Tom Jobim (Gale\u00e3o), delegado Alcyr Vidal, afirmou que o novo aparelho de escaneamento corporal, o &#8220;body scanner&#8221; &#8211; que ser\u00e1 usado para seguir normas internacionais de seguran\u00e7a &#8211; j\u00e1 est\u00e1 em funcionamento nesta sexta-feira no setor C do terminal 1, na \u00e1rea de embarque internacional [&hellip;]<\/p>\n","protected":false},"author":1,"featured_media":0,"comment_status":"open","ping_status":"open","sticky":false,"template":"","format":"standard","meta":{"footnotes":""},"categories":[577],"tags":[1661,1276,1662],"class_list":["post-4916","post","type-post","status-publish","format-standard","hentry","category-noticias","tag-policia-federal","tag-rio-de-janeiro","tag-scanner-corporal"],"_links":{"self":[{"href":"https:\/\/dennytorres.com\/site\/wp-json\/wp\/v2\/posts\/4916","targetHints":{"allow":["GET"]}}],"collection":[{"href":"https:\/\/dennytorres.com\/site\/wp-json\/wp\/v2\/posts"}],"about":[{"href":"https:\/\/dennytorres.com\/site\/wp-json\/wp\/v2\/types\/post"}],"author":[{"embeddable":true,"href":"https:\/\/dennytorres.com\/site\/wp-json\/wp\/v2\/users\/1"}],"replies":[{"embeddable":true,"href":"https:\/\/dennytorres.com\/site\/wp-json\/wp\/v2\/comments?post=4916"}],"version-history":[{"count":0,"href":"https:\/\/dennytorres.com\/site\/wp-json\/wp\/v2\/posts\/4916\/revisions"}],"wp:attachment":[{"href":"https:\/\/dennytorres.com\/site\/wp-json\/wp\/v2\/media?parent=4916"}],"wp:term":[{"taxonomy":"category","embeddable":true,"href":"https:\/\/dennytorres.com\/site\/wp-json\/wp\/v2\/categories?post=4916"},{"taxonomy":"post_tag","embeddable":true,"href":"https:\/\/dennytorres.com\/site\/wp-json\/wp\/v2\/tags?post=4916"}],"curies":[{"name":"wp","href":"https:\/\/api.w.org\/{rel}","templated":true}]}}