{"id":4937,"date":"2010-11-23T06:49:19","date_gmt":"2010-11-23T09:49:19","guid":{"rendered":"http:\/\/dennytorres.com\/?p=4937"},"modified":"2010-11-23T06:49:19","modified_gmt":"2010-11-23T09:49:19","slug":"marshall-agora-tem-fones-de-ouvido","status":"publish","type":"post","link":"https:\/\/dennytorres.com\/site\/marshall-agora-tem-fones-de-ouvido\/","title":{"rendered":"Marshall agora tem fones de ouvido"},"content":{"rendered":"<blockquote><p>Sabe a Marshall, aquela marca que n\u00e3o cansamos de ver nos amplificadores dos nossos roqueiros preferidos? Ent\u00e3o, agora ela resolveu entrar tamb\u00e9m no ramo dos fones de ouvido. E, pelo menos \u00e0 primeira vista, o resultado parece \u00f3timo.<\/p>\n<p><a href=\"http:\/\/info.abril.com.br\/noticias\/blogs\/gadgets\/files\/2010\/11\/major1.jpg\"><img fetchpriority=\"high\" decoding=\"async\" class=\"aligncenter\" title=\"fone01\" src=\"http:\/\/info.abril.com.br\/noticias\/blogs\/gadgets\/files\/2010\/11\/major1.jpg\" alt=\"\" width=\"388\" height=\"235\" \/><\/a><\/p>\n<p>S\u00e3o dois os fones lan\u00e7ados, o Major e o Minor, com plugs de 3,5 mil\u00edmetros (alguma semelhan\u00e7a com a escala maior e a menor n\u00e3o \u00e9 mera coincid\u00eancia). Mais poderoso, o <a href=\"http:\/\/www.marshallheadphones.com\/product\/major\">Major<\/a> vem com almofadas para os ouvidos e um adaptador de 6 mil\u00edmetros para encaixar no amplificador. Al\u00e9m de usar no acabamento o mesmo vinil que envolve os amplificadores, ele tamb\u00e9m \u00e9 dobr\u00e1vel para ocupar menos espa\u00e7o na mochila. Etiqueta: 99 d\u00f3lares.<\/p>\n<p><a href=\"http:\/\/info.abril.com.br\/noticias\/blogs\/gadgets\/files\/2010\/11\/1756_9631c0089c-original.jpg\"><img decoding=\"async\" class=\"aligncenter\" title=\"fone 2\" src=\"http:\/\/info.abril.com.br\/noticias\/blogs\/gadgets\/files\/2010\/11\/1756_9631c0089c-original.jpg\" alt=\"\" width=\"613\" height=\"385\" \/><\/a><\/p>\n<p>J\u00e1 o <a href=\"http:\/\/www.marshallheadphones.com\/product\/minor\" target=\"_blank\" rel=\"noopener\">Minor<\/a>, mais discreto e compacto, obviamente \u00e9 feito para usar com mp3s e iPods, mas n\u00e3o o subestime. O fone de 59 d\u00f3lares j\u00e1 est\u00e1 esgotado no site da Marshall. Ele traz fios envolvidos em tecido, microfone e um minicontrole remoto no fio para usar com celular. Para n\u00e3o ficar caindo das orelhas, ele tem ainda um sistema chamado EarClick, sobre o qual a Marshall n\u00e3o explicou muita coisa.<\/p>\n<p><a href=\"http:\/\/info.abril.com.br\/noticias\/blogs\/gadgets\/files\/2010\/11\/minor.jpg\"><img decoding=\"async\" class=\"aligncenter\" title=\"fone3\" src=\"http:\/\/info.abril.com.br\/noticias\/blogs\/gadgets\/files\/2010\/11\/minor.jpg\" alt=\"\" width=\"331\" height=\"272\" \/><\/a><\/p>\n<p>Marshall, \u00e9 melhor encher logo seu estoque de novo, pelo menos se n\u00e3o quiser causar o desespero dos audi\u00f3filos.<\/p><\/blockquote>\n<p>Fonte:<strong><a href=\"http:\/\/info.abril.com.br\/noticias\/blogs\/gadgets\/miscelanea\/marshall-agora-tem-fones-de-ouvido\/\" target=\"_blank\" rel=\"noopener\"> info.abril<\/a><\/strong><a href=\"http:\/\/info.abril.com.br\/noticias\/blogs\/gadgets\/miscelanea\/marshall-agora-tem-fones-de-ouvido\/\" target=\"_blank\" rel=\"noopener\"><\/a><\/p>\n","protected":false},"excerpt":{"rendered":"<p>Sabe a Marshall, aquela marca que n\u00e3o cansamos de ver nos amplificadores dos nossos roqueiros preferidos? Ent\u00e3o, agora ela resolveu entrar tamb\u00e9m no ramo dos fones de ouvido. E, pelo menos \u00e0 primeira vista, o resultado parece \u00f3timo. S\u00e3o dois os fones lan\u00e7ados, o Major e o Minor, com plugs de 3,5 mil\u00edmetros (alguma semelhan\u00e7a [&hellip;]<\/p>\n","protected":false},"author":1,"featured_media":0,"comment_status":"open","ping_status":"open","sticky":false,"template":"","format":"standard","meta":{"footnotes":""},"categories":[1587,577],"tags":[829,1667],"class_list":["post-4937","post","type-post","status-publish","format-standard","hentry","category-musica","category-noticias","tag-fones","tag-marshall"],"_links":{"self":[{"href":"https:\/\/dennytorres.com\/site\/wp-json\/wp\/v2\/posts\/4937","targetHints":{"allow":["GET"]}}],"collection":[{"href":"https:\/\/dennytorres.com\/site\/wp-json\/wp\/v2\/posts"}],"about":[{"href":"https:\/\/dennytorres.com\/site\/wp-json\/wp\/v2\/types\/post"}],"author":[{"embeddable":true,"href":"https:\/\/dennytorres.com\/site\/wp-json\/wp\/v2\/users\/1"}],"replies":[{"embeddable":true,"href":"https:\/\/dennytorres.com\/site\/wp-json\/wp\/v2\/comments?post=4937"}],"version-history":[{"count":0,"href":"https:\/\/dennytorres.com\/site\/wp-json\/wp\/v2\/posts\/4937\/revisions"}],"wp:attachment":[{"href":"https:\/\/dennytorres.com\/site\/wp-json\/wp\/v2\/media?parent=4937"}],"wp:term":[{"taxonomy":"category","embeddable":true,"href":"https:\/\/dennytorres.com\/site\/wp-json\/wp\/v2\/categories?post=4937"},{"taxonomy":"post_tag","embeddable":true,"href":"https:\/\/dennytorres.com\/site\/wp-json\/wp\/v2\/tags?post=4937"}],"curies":[{"name":"wp","href":"https:\/\/api.w.org\/{rel}","templated":true}]}}