{"id":5127,"date":"2010-12-17T21:05:55","date_gmt":"2010-12-18T00:05:55","guid":{"rendered":"http:\/\/dennytorres.com\/?p=5127"},"modified":"2010-12-17T21:05:55","modified_gmt":"2010-12-18T00:05:55","slug":"veja-quanto-custa-o-ipva-2011-no-rj","status":"publish","type":"post","link":"https:\/\/dennytorres.com\/site\/veja-quanto-custa-o-ipva-2011-no-rj\/","title":{"rendered":"Veja quanto custa o IPVA 2011 no RJ"},"content":{"rendered":"<blockquote><p>O Secretaria da Fazenda do RJ disponibilizou as tabelas com os valores  do Imposto sobre a Propriedade de Ve\u00edculos Automotores (IPVA) 2011, que  variam de acordo com o combust\u00edvel usado e o valor venal dos ve\u00edculos.<\/p>\n<p><a href=\"http:\/\/estaticog1.globo.com\/2010\/12\/IPVA2011RJALCOOL.pdf\">Veja  os valores do IPVA no RJ para ve\u00edculos a \u00e1lcool<\/a><\/p>\n<p><a href=\"http:\/\/estaticog1.globo.com\/2010\/12\/IPVA2011RJGASOLINAEDIESEL.pdf\">Veja  os valores do IPVA no RJ para ve\u00edculos a gasolina e diesel<\/a><\/p>\n<p>No ano que vem, o IPVA ficar\u00e1 entre 6% e 7% mais baixo em 2011 no  estado do Rio, na compara\u00e7\u00e3o com 2010. A queda se deve \u00e0 redu\u00e7\u00e3o do  valor de mercado dos ve\u00edculos. De acordo com o secret\u00e1rio de Fazenda,  Renato Villela, a previs\u00e3o de arrecada\u00e7\u00e3o \u00e9 de R$ 1,4 bilh\u00e3o.<\/p>\n<p>Pelo calend\u00e1rio de 2011, a data limite para o pagamento antecipado \u00e0  vista, com 10% de desconto, \u00e9 12 de janeiro para os ve\u00edculos com final  de placa zero. A partir da primeira semana de janeiro, os propriet\u00e1rios  dos ve\u00edculos poder\u00e3o retirar a guia de pagamento no <a href=\"http:\/\/www.fazenda.rj.gov.br\/\" target=\"_blank\" rel=\"noopener\">site da Secretaria  estadual de Fazenda<\/a> ou nos terminais eletr\u00f4nicos do Banco Ita\u00fa.<\/p>\n<p>Confira abaixo as datas de pagamento:<\/p><\/blockquote>\n<p style=\"text-align:center;\"><a href=\"http:\/\/dennytorres.files.wordpress.com\/2010\/12\/captura-de-tela-2010-12-17-c3a0s-22-04-06.png\"><img fetchpriority=\"high\" decoding=\"async\" class=\"aligncenter size-full wp-image-5128\" title=\"Captura de tela 2010-12-17 \u00e0s 22.04.06\" src=\"http:\/\/dennytorres.files.wordpress.com\/2010\/12\/captura-de-tela-2010-12-17-c3a0s-22-04-06.png\" alt=\"\" width=\"480\" height=\"426\" \/><\/a><\/p>\n<p style=\"text-align:left;\">Fonte: <a href=\"http:\/\/g1.globo.com\/carros\/noticia\/2010\/12\/veja-quanto-custa-o-ipva-2011-no-rj.html\" target=\"_blank\" rel=\"noopener\"><strong>G1<\/strong><\/a><\/p>\n","protected":false},"excerpt":{"rendered":"<p>O Secretaria da Fazenda do RJ disponibilizou as tabelas com os valores do Imposto sobre a Propriedade de Ve\u00edculos Automotores (IPVA) 2011, que variam de acordo com o combust\u00edvel usado e o valor venal dos ve\u00edculos. Veja os valores do IPVA no RJ para ve\u00edculos a \u00e1lcool Veja os valores do IPVA no RJ para [&hellip;]<\/p>\n","protected":false},"author":1,"featured_media":0,"comment_status":"open","ping_status":"open","sticky":false,"template":"","format":"standard","meta":{"footnotes":""},"categories":[577],"tags":[420,1276],"class_list":["post-5127","post","type-post","status-publish","format-standard","hentry","category-noticias","tag-ipva","tag-rio-de-janeiro"],"_links":{"self":[{"href":"https:\/\/dennytorres.com\/site\/wp-json\/wp\/v2\/posts\/5127","targetHints":{"allow":["GET"]}}],"collection":[{"href":"https:\/\/dennytorres.com\/site\/wp-json\/wp\/v2\/posts"}],"about":[{"href":"https:\/\/dennytorres.com\/site\/wp-json\/wp\/v2\/types\/post"}],"author":[{"embeddable":true,"href":"https:\/\/dennytorres.com\/site\/wp-json\/wp\/v2\/users\/1"}],"replies":[{"embeddable":true,"href":"https:\/\/dennytorres.com\/site\/wp-json\/wp\/v2\/comments?post=5127"}],"version-history":[{"count":0,"href":"https:\/\/dennytorres.com\/site\/wp-json\/wp\/v2\/posts\/5127\/revisions"}],"wp:attachment":[{"href":"https:\/\/dennytorres.com\/site\/wp-json\/wp\/v2\/media?parent=5127"}],"wp:term":[{"taxonomy":"category","embeddable":true,"href":"https:\/\/dennytorres.com\/site\/wp-json\/wp\/v2\/categories?post=5127"},{"taxonomy":"post_tag","embeddable":true,"href":"https:\/\/dennytorres.com\/site\/wp-json\/wp\/v2\/tags?post=5127"}],"curies":[{"name":"wp","href":"https:\/\/api.w.org\/{rel}","templated":true}]}}