{"id":5234,"date":"2011-01-15T20:24:42","date_gmt":"2011-01-15T23:24:42","guid":{"rendered":"http:\/\/dennytorres.com\/?p=5234"},"modified":"2011-01-15T20:24:42","modified_gmt":"2011-01-15T23:24:42","slug":"a-nova-identidade-hi-tech-dos-brasileiros","status":"publish","type":"post","link":"https:\/\/dennytorres.com\/site\/a-nova-identidade-hi-tech-dos-brasileiros\/","title":{"rendered":"A nova identidade hi-tech dos brasileiros"},"content":{"rendered":"<blockquote><p><a href=\"http:\/\/www.garotasemfio.com.br\/blog\/wp-content\/uploads\/2011\/01\/nova-identidade.jpg\"><img fetchpriority=\"high\" decoding=\"async\" class=\"aligncenter\" title=\"ric\" src=\"http:\/\/www.garotasemfio.com.br\/blog\/wp-content\/uploads\/2011\/01\/nova-identidade.jpg\" alt=\"\" width=\"500\" height=\"308\" \/><\/a>A foto acima \u00e9 um modelo da nossa nova carteira de identidade. Ou melhor, Registro de Identidade Civil (RIC), que gradativamente substituir\u00e1 nosso RG a partir deste ano. N\u00e3o s\u00f3 o RG: ele tamb\u00e9m ser\u00e1 o CPF, t\u00edtulo de eleitor, entre outros documentos.<\/p>\n<p>Repararam que ele tem um chip? Com o RIC, teremos um \u00fanico n\u00famero vinculado \u00e0s impress\u00f5es digitais, evitando que uma mesma pessoa seja identificada por mais de um n\u00famero de registro em diferentes estados da federa\u00e7\u00e3o ou que o cidad\u00e3o seja confundido com uma pessoa do mesmo nome, al\u00e9m de impedir que bandidos se passem por outra para cometer crimes, solicitar cr\u00e9dito ou dar golpes na pra\u00e7a. O chip ter\u00e1, al\u00e9m do nome completo da pessoa, g\u00eanero, nacionalidade, data de nascimento, foto, filia\u00e7\u00e3o, naturalidade, assinatura, \u00f3rg\u00e3o emissor, local de expedi\u00e7\u00e3o, data de expedi\u00e7\u00e3o e data de validade.<\/p>\n<p>O documento \u00e9 um orgulho brasileiro, pois \u00e9 considerado um dos mais modernos do mundo. Espero que esse chip abra um precedente para que tamb\u00e9m possamos exercer nossa cidadania em uma s\u00e9rie de servi\u00e7os na web, por meio da assinatura eletr\u00f4nica. Eu tenho o eCPF, que uso para uma s\u00e9rie de tarefas burocr\u00e1ticas, mas lamento que seu uso ainda seja pouco disseminado. Fazemos online bem menos coisas do que poder\u00edamos fazer.<\/p><\/blockquote>\n<p>Fonte: <a href=\"http:\/\/www.garotasemfio.com.br\/blog\/2011\/01\/07\/a-nova-identidade-hi-tech-dos-brasileiros\/\" target=\"_blank\" rel=\"noopener\"><strong>Garotasemfio<\/strong><\/a><\/p>\n","protected":false},"excerpt":{"rendered":"<p>A foto acima \u00e9 um modelo da nossa nova carteira de identidade. Ou melhor, Registro de Identidade Civil (RIC), que gradativamente substituir\u00e1 nosso RG a partir deste ano. N\u00e3o s\u00f3 o RG: ele tamb\u00e9m ser\u00e1 o CPF, t\u00edtulo de eleitor, entre outros documentos. Repararam que ele tem um chip? Com o RIC, teremos um \u00fanico [&hellip;]<\/p>\n","protected":false},"author":1,"featured_media":0,"comment_status":"open","ping_status":"open","sticky":false,"template":"","format":"standard","meta":{"footnotes":""},"categories":[84,577],"tags":[369,1764,1765,1766],"class_list":["post-5234","post","type-post","status-publish","format-standard","hentry","category-curiosidades","category-noticias","tag-chip","tag-cpf","tag-identidade","tag-ric"],"_links":{"self":[{"href":"https:\/\/dennytorres.com\/site\/wp-json\/wp\/v2\/posts\/5234","targetHints":{"allow":["GET"]}}],"collection":[{"href":"https:\/\/dennytorres.com\/site\/wp-json\/wp\/v2\/posts"}],"about":[{"href":"https:\/\/dennytorres.com\/site\/wp-json\/wp\/v2\/types\/post"}],"author":[{"embeddable":true,"href":"https:\/\/dennytorres.com\/site\/wp-json\/wp\/v2\/users\/1"}],"replies":[{"embeddable":true,"href":"https:\/\/dennytorres.com\/site\/wp-json\/wp\/v2\/comments?post=5234"}],"version-history":[{"count":0,"href":"https:\/\/dennytorres.com\/site\/wp-json\/wp\/v2\/posts\/5234\/revisions"}],"wp:attachment":[{"href":"https:\/\/dennytorres.com\/site\/wp-json\/wp\/v2\/media?parent=5234"}],"wp:term":[{"taxonomy":"category","embeddable":true,"href":"https:\/\/dennytorres.com\/site\/wp-json\/wp\/v2\/categories?post=5234"},{"taxonomy":"post_tag","embeddable":true,"href":"https:\/\/dennytorres.com\/site\/wp-json\/wp\/v2\/tags?post=5234"}],"curies":[{"name":"wp","href":"https:\/\/api.w.org\/{rel}","templated":true}]}}