{"id":5448,"date":"2011-02-26T22:13:07","date_gmt":"2011-02-27T01:13:07","guid":{"rendered":"http:\/\/dennytorres.com\/?p=5448"},"modified":"2011-02-26T22:13:07","modified_gmt":"2011-02-27T01:13:07","slug":"venda-de-macbook-pro-2-66-core-2-duo","status":"publish","type":"post","link":"https:\/\/dennytorres.com\/site\/venda-de-macbook-pro-2-66-core-2-duo\/","title":{"rendered":"Venda de Macbook Pro 2.66 Core 2 Duo"},"content":{"rendered":"<p><!--  \/* Font Definitions *\/ @font-face \t{font-family:Times; \tpanose-1:2 0 5 0 0 0 0 0 0 0; \tmso-font-charset:0; \tmso-generic-font-family:auto; \tmso-font-pitch:variable; \tmso-font-signature:3 0 0 0 1 0;} @font-face \t{font-family:\"\uff2d\uff33 \u660e\u671d\"; \tmso-font-charset:78; \tmso-generic-font-family:auto; \tmso-font-pitch:variable; \tmso-font-signature:1 134676480 16 0 131072 0;} @font-face \t{font-family:\"\uff2d\uff33 \u660e\u671d\"; \tmso-font-charset:78; \tmso-generic-font-family:auto; \tmso-font-pitch:variable; \tmso-font-signature:1 134676480 16 0 131072 0;} @font-face \t{font-family:Cambria; \tpanose-1:2 4 5 3 5 4 6 3 2 4; \tmso-font-charset:0; \tmso-generic-font-family:auto; \tmso-font-pitch:variable; \tmso-font-signature:-536870145 1073743103 0 0 415 0;}  \/* Style Definitions *\/ p.MsoNormal, li.MsoNormal, div.MsoNormal \t{mso-style-unhide:no; \tmso-style-qformat:yes; \tmso-style-parent:\"\"; \tmargin:0cm; \tmargin-bottom:.0001pt; \tmso-pagination:widow-orphan; \tfont-size:12.0pt; \tfont-family:Cambria; \tmso-ascii-font-family:Cambria; \tmso-ascii-theme-font:minor-latin; \tmso-fareast-font-family:\"\uff2d\uff33 \u660e\u671d\"; \tmso-fareast-theme-font:minor-fareast; \tmso-hansi-font-family:Cambria; \tmso-hansi-theme-font:minor-latin; \tmso-bidi-font-family:\"Times New Roman\"; \tmso-bidi-theme-font:minor-bidi;} p \t{mso-style-noshow:yes; \tmso-style-priority:99; \tmso-margin-top-alt:auto; \tmargin-right:0cm; \tmso-margin-bottom-alt:auto; \tmargin-left:0cm; \tmso-pagination:widow-orphan; \tfont-size:10.0pt; \tfont-family:Times; \tmso-fareast-font-family:\"\uff2d\uff33 \u660e\u671d\"; \tmso-fareast-theme-font:minor-fareast; \tmso-bidi-font-family:\"Times New Roman\";} .MsoChpDefault \t{mso-style-type:export-only; \tmso-default-props:yes; \tfont-family:Cambria; \tmso-ascii-font-family:Cambria; \tmso-ascii-theme-font:minor-latin; \tmso-fareast-font-family:\"\uff2d\uff33 \u660e\u671d\"; \tmso-fareast-theme-font:minor-fareast; \tmso-hansi-font-family:Cambria; \tmso-hansi-theme-font:minor-latin; \tmso-bidi-font-family:\"Times New Roman\"; \tmso-bidi-theme-font:minor-bidi;} @page WordSection1 \t{size:612.0pt 792.0pt; \tmargin:72.0pt 90.0pt 72.0pt 90.0pt; \tmso-header-margin:36.0pt; \tmso-footer-margin:36.0pt; \tmso-paper-source:0;} div.WordSection1 \t{page:WordSection1;} -->Al\u00e9m do celular, tamb\u00e9m estou <a href=\"http:\/\/produto.mercadolivre.com.br\/MLB-174393478-macbook-pro-core-2-duo-266-15-6gb-ram-500gb-7200rpm-_JM\" target=\"_blank\" rel=\"noopener\"><strong>vendendo<\/strong><\/a> o meu Super-Ultra-Mega-Power Macbook Pro 5,1, com processador Intel <strong>Core 2 Duo 2,66 GHz, 6GB de mem\u00f3ria RAM, HD com 500GB a 7200rpm<\/strong> e duas placas de v\u00eddeos sendo uma on-board (GeForce 9400M, DDR3 256MB) e uma Off-board, perfeita para edi\u00e7\u00f5es de v\u00eddeos, jogos ou softwares que requeiram muitos recursos gr\u00e1ficos (GeForce 9600M GT,\u00a0 GDDR3, 512MB).<\/p>\n<p>Para quem quiser ver suas especifica\u00e7\u00f5es mais detalhaamente pode conferir <a href=\"http:\/\/www.everymac.com\/systems\/apple\/macbook_pro\/stats\/macbook-pro-core-2-duo-2.66-aluminum-15-early-2009-unibody-specs.html\" target=\"_blank\" rel=\"noopener\"><strong>CLICANDO AQUI.<\/strong><\/a><\/p>\n<p>Da mesma forma que o <a href=\"http:\/\/dennytorres.com\/2011\/02\/23\/venda-de-smartfone-htc-desire\/\" target=\"_blank\" rel=\"noopener\"><strong>celular<\/strong><\/a>, como terei que pagar uma boa comiss\u00e3o ao <a href=\"http:\/\/produto.mercadolivre.com.br\/MLB-174393478-macbook-pro-core-2-duo-266-15-6gb-ram-500gb-7200rpm-_JM\" target=\"_blank\" rel=\"noopener\"><strong>ML<\/strong><\/a>, quem comprar pelo blog, ganhar\u00e1 um descont\u00e3o de <span style=\"color:#ff0000;\"><strong>R$350,00 mais frete gr\u00e1tis.<\/strong><\/span> O que acham?<\/p>\n<p>Como n\u00e3o estou utilizando mais seus recursos, preciso apenas de um Mac menor, mais leve e com uma maior autonomia de bateria.<\/p>\n<p>Mas para quem quiser fazer neg\u00f3cio, aceito trocas, como por exemplo este novo <a href=\"http:\/\/www.fastshop.com.br\/MACBOOK-WHITE-COM-INTEL-CORE-2-DUO--2GB--250GB--TELA-133--NVIDIA-GEFORCE-320M-COM-256MB--SISTEMA-OPERACIONAL-MAC-OS-X-V106-SNOW-LEOPARD---APPLE---MC516BZA--MICROSOFT-OFFIC,product,AECJMC516_W7F,302.aspx\" target=\"_blank\" rel=\"noopener\"><strong>Macbook White, na FastShop,<\/strong><\/a> mais R$1.500,00. Assim o desconto fica ainda melhor para quem for comprar e ainda consegue dividir no cart\u00e3o de cr\u00e9dito.<\/p>\n<p><a href=\"http:\/\/produto.mercadolivre.com.br\/MLB-174393478-macbook-pro-core-2-duo-266-15-6gb-ram-500gb-7200rpm-_JM\" target=\"_blank\" rel=\"noopener\"><img fetchpriority=\"high\" decoding=\"async\" class=\"aligncenter size-full wp-image-5449\" title=\"macbook pro\" src=\"http:\/\/dennytorres.files.wordpress.com\/2011\/02\/macbook-pro.png\" alt=\"\" width=\"600\" height=\"250\" \/><\/a><\/p>\n","protected":false},"excerpt":{"rendered":"<p>Al\u00e9m do celular, tamb\u00e9m estou vendendo o meu Super-Ultra-Mega-Power Macbook Pro 5,1, com processador Intel Core 2 Duo 2,66 GHz, 6GB de mem\u00f3ria RAM, HD com 500GB a 7200rpm e duas placas de v\u00eddeos sendo uma on-board (GeForce 9400M, DDR3 256MB) e uma Off-board, perfeita para edi\u00e7\u00f5es de v\u00eddeos, jogos ou softwares que requeiram muitos [&hellip;]<\/p>\n","protected":false},"author":1,"featured_media":0,"comment_status":"open","ping_status":"open","sticky":false,"template":"","format":"standard","meta":{"footnotes":""},"categories":[55,577],"tags":[1831,1146],"class_list":["post-5448","post","type-post","status-publish","format-standard","hentry","category-macintosh","category-noticias","tag-macbook-pro","tag-venda"],"_links":{"self":[{"href":"https:\/\/dennytorres.com\/site\/wp-json\/wp\/v2\/posts\/5448","targetHints":{"allow":["GET"]}}],"collection":[{"href":"https:\/\/dennytorres.com\/site\/wp-json\/wp\/v2\/posts"}],"about":[{"href":"https:\/\/dennytorres.com\/site\/wp-json\/wp\/v2\/types\/post"}],"author":[{"embeddable":true,"href":"https:\/\/dennytorres.com\/site\/wp-json\/wp\/v2\/users\/1"}],"replies":[{"embeddable":true,"href":"https:\/\/dennytorres.com\/site\/wp-json\/wp\/v2\/comments?post=5448"}],"version-history":[{"count":0,"href":"https:\/\/dennytorres.com\/site\/wp-json\/wp\/v2\/posts\/5448\/revisions"}],"wp:attachment":[{"href":"https:\/\/dennytorres.com\/site\/wp-json\/wp\/v2\/media?parent=5448"}],"wp:term":[{"taxonomy":"category","embeddable":true,"href":"https:\/\/dennytorres.com\/site\/wp-json\/wp\/v2\/categories?post=5448"},{"taxonomy":"post_tag","embeddable":true,"href":"https:\/\/dennytorres.com\/site\/wp-json\/wp\/v2\/tags?post=5448"}],"curies":[{"name":"wp","href":"https:\/\/api.w.org\/{rel}","templated":true}]}}