{"id":5492,"date":"2011-03-05T13:28:29","date_gmt":"2011-03-05T16:28:29","guid":{"rendered":"http:\/\/dennytorres.com\/?p=5492"},"modified":"2011-03-05T13:28:29","modified_gmt":"2011-03-05T16:28:29","slug":"novo-ipad-revolucionario-ou-nao","status":"publish","type":"post","link":"https:\/\/dennytorres.com\/site\/novo-ipad-revolucionario-ou-nao\/","title":{"rendered":"Novo Ipad &#8211; Revolucion\u00e1rio, ou n\u00e3o?"},"content":{"rendered":"<p>Uma par\u00f3dia da publicidade da Apple, referente ao Ipad 2, lan\u00e7ado \u00e0 alguns dias.<\/p>\n<p>O que achei legal foi que o galego, tem a cara do <a href=\"http:\/\/evaldos.wordpress.com\/\" target=\"_blank\" rel=\"noopener\"><strong>Evaldo<\/strong><\/a>.<\/p>\n<p>http:\/\/www.vimeo.com\/20668680<\/p>\n","protected":false},"excerpt":{"rendered":"<p>Uma par\u00f3dia da publicidade da Apple, referente ao Ipad 2, lan\u00e7ado \u00e0 alguns dias. O que achei legal foi que o galego, tem a cara do Evaldo. http:\/\/www.vimeo.com\/20668680<\/p>\n","protected":false},"author":1,"featured_media":0,"comment_status":"open","ping_status":"open","sticky":false,"template":"","format":"standard","meta":{"footnotes":""},"categories":[140,124],"tags":[1846,1841,1847],"class_list":["post-5492","post","type-post","status-publish","format-standard","hentry","category-besteirol","category-videos","tag-evaldo","tag-ipad-2","tag-parodia"],"_links":{"self":[{"href":"https:\/\/dennytorres.com\/site\/wp-json\/wp\/v2\/posts\/5492","targetHints":{"allow":["GET"]}}],"collection":[{"href":"https:\/\/dennytorres.com\/site\/wp-json\/wp\/v2\/posts"}],"about":[{"href":"https:\/\/dennytorres.com\/site\/wp-json\/wp\/v2\/types\/post"}],"author":[{"embeddable":true,"href":"https:\/\/dennytorres.com\/site\/wp-json\/wp\/v2\/users\/1"}],"replies":[{"embeddable":true,"href":"https:\/\/dennytorres.com\/site\/wp-json\/wp\/v2\/comments?post=5492"}],"version-history":[{"count":0,"href":"https:\/\/dennytorres.com\/site\/wp-json\/wp\/v2\/posts\/5492\/revisions"}],"wp:attachment":[{"href":"https:\/\/dennytorres.com\/site\/wp-json\/wp\/v2\/media?parent=5492"}],"wp:term":[{"taxonomy":"category","embeddable":true,"href":"https:\/\/dennytorres.com\/site\/wp-json\/wp\/v2\/categories?post=5492"},{"taxonomy":"post_tag","embeddable":true,"href":"https:\/\/dennytorres.com\/site\/wp-json\/wp\/v2\/tags?post=5492"}],"curies":[{"name":"wp","href":"https:\/\/api.w.org\/{rel}","templated":true}]}}