{"id":5524,"date":"2011-03-08T21:07:58","date_gmt":"2011-03-09T00:07:58","guid":{"rendered":"http:\/\/dennytorres.com\/?p=5524"},"modified":"2011-03-08T21:07:58","modified_gmt":"2011-03-09T00:07:58","slug":"venda-de-macbook-pro-2-66-core-2-duo-baixei-o-preco","status":"publish","type":"post","link":"https:\/\/dennytorres.com\/site\/venda-de-macbook-pro-2-66-core-2-duo-baixei-o-preco\/","title":{"rendered":"Venda de Macbook Pro 2.66 Core 2 Duo &#8211; baixei o pre\u00e7o"},"content":{"rendered":"<p>Resolvi reduzir o pre\u00e7o do <a href=\"http:\/\/dennytorres.com\/2011\/02\/26\/venda-de-macbook-pro-2-66-core-2-duo\/\"><strong>Macbook Pro<\/strong><\/a>. O que motivou a redu\u00e7\u00e3o foi ver tantas promo\u00e7\u00f5es rolando na internet, ap\u00f3s os novos lan\u00e7amentos da Apple, e pelo fato de que o pre\u00e7o do meu Mac, apesar de estar justo, n\u00e3o apresentava atrativo para venda. Precisava de um diferencial dos j\u00e1 anunciados na internet.<\/p>\n<p>Acredito que com um desconto de R$ 500,00 e mais alguma coisa a se combinar com quem compra-lo pelo Blog, terei sucesso na venda.<\/p>\n<p><a href=\"http:\/\/produto.mercadolivre.com.br\/MLB-174393478-macbook-pro-core-2-duo-266-15-6gb-ram-500gb-7200rpm-_JM\"><img fetchpriority=\"high\" decoding=\"async\" class=\"aligncenter size-full wp-image-5525\" title=\"Captura de tela 2011-03-08 \u00e0s 20.57.53\" src=\"http:\/\/dennytorres.files.wordpress.com\/2011\/03\/captura-de-tela-2011-03-08-c3a0s-20-57-53.png\" alt=\"\" width=\"600\" height=\"313\" \/><\/a><\/p>\n<p>Para quem quiser ver suas especifica\u00e7\u00f5es mais detalhaamente pode conferir <a href=\"http:\/\/www.everymac.com\/systems\/apple\/macbook_pro\/stats\/macbook-pro-core-2-duo-2.66-aluminum-15-early-2009-unibody-specs.html\" target=\"_blank\" rel=\"noopener\"><strong>CLICANDO AQUI.<\/strong><\/a><\/p>\n","protected":false},"excerpt":{"rendered":"<p>Resolvi reduzir o pre\u00e7o do Macbook Pro. O que motivou a redu\u00e7\u00e3o foi ver tantas promo\u00e7\u00f5es rolando na internet, ap\u00f3s os novos lan\u00e7amentos da Apple, e pelo fato de que o pre\u00e7o do meu Mac, apesar de estar justo, n\u00e3o apresentava atrativo para venda. Precisava de um diferencial dos j\u00e1 anunciados na internet. Acredito que [&hellip;]<\/p>\n","protected":false},"author":1,"featured_media":0,"comment_status":"open","ping_status":"open","sticky":false,"template":"","format":"standard","meta":{"footnotes":""},"categories":[577],"tags":[232,1146],"class_list":["post-5524","post","type-post","status-publish","format-standard","hentry","category-noticias","tag-macbook","tag-venda"],"_links":{"self":[{"href":"https:\/\/dennytorres.com\/site\/wp-json\/wp\/v2\/posts\/5524","targetHints":{"allow":["GET"]}}],"collection":[{"href":"https:\/\/dennytorres.com\/site\/wp-json\/wp\/v2\/posts"}],"about":[{"href":"https:\/\/dennytorres.com\/site\/wp-json\/wp\/v2\/types\/post"}],"author":[{"embeddable":true,"href":"https:\/\/dennytorres.com\/site\/wp-json\/wp\/v2\/users\/1"}],"replies":[{"embeddable":true,"href":"https:\/\/dennytorres.com\/site\/wp-json\/wp\/v2\/comments?post=5524"}],"version-history":[{"count":0,"href":"https:\/\/dennytorres.com\/site\/wp-json\/wp\/v2\/posts\/5524\/revisions"}],"wp:attachment":[{"href":"https:\/\/dennytorres.com\/site\/wp-json\/wp\/v2\/media?parent=5524"}],"wp:term":[{"taxonomy":"category","embeddable":true,"href":"https:\/\/dennytorres.com\/site\/wp-json\/wp\/v2\/categories?post=5524"},{"taxonomy":"post_tag","embeddable":true,"href":"https:\/\/dennytorres.com\/site\/wp-json\/wp\/v2\/tags?post=5524"}],"curies":[{"name":"wp","href":"https:\/\/api.w.org\/{rel}","templated":true}]}}