{"id":5551,"date":"2011-03-19T15:24:33","date_gmt":"2011-03-19T18:24:33","guid":{"rendered":"http:\/\/dennytorres.com\/?p=5551"},"modified":"2011-03-19T15:24:33","modified_gmt":"2011-03-19T18:24:33","slug":"hd-de-6tb-da-western-digital-foca-em-usuarios-de-mac","status":"publish","type":"post","link":"https:\/\/dennytorres.com\/site\/hd-de-6tb-da-western-digital-foca-em-usuarios-de-mac\/","title":{"rendered":"HD de 6TB da Western Digital foca em usu\u00e1rios de Mac"},"content":{"rendered":"<blockquote><p>A Western Digital mostrou seu novo HD externo, direcionado  principalmente para usu\u00e1rios de equipamentos Mac que trabalham com uma  grande demanda de espa\u00e7o. Talvez o termo enorme seja melhor. A  capacidade de armazenamento do My Book Studio Edition II \u00e9 de 6 TB. Ele  tem dois discos r\u00edgidos de 3 TB.<\/p>\n<p>Ele tem 4 portas de alta velocidade para a transfer\u00eancia de arquivos \u2013  FireWire 800\/400, eSATA, USB 2.0. Nesse ponto j\u00e1 aparecem alguns pontos  baixos do disco r\u00edgido.<\/p>\n<p><a href=\"http:\/\/info.abril.com.br\/noticias\/blogs\/gadgets\/files\/2011\/03\/wdfMyBook_Studio_2Q-e1300458816588.jpg\"><img fetchpriority=\"high\" decoding=\"async\" class=\"aligncenter\" title=\"wd\" src=\"http:\/\/info.abril.com.br\/noticias\/blogs\/gadgets\/files\/2011\/03\/wdfMyBook_Studio_2Q-e1300458816588.jpg\" alt=\"\" width=\"500\" height=\"281\" \/><\/a><\/p>\n<p>Recentemente a Apple implantou\u00a0a porta Thunderbolt\u00a0em seus novos  equipamentos para transferir arquivos de forma ainda mais veloz. Sendo  um equipamento direcionado para usu\u00e1rio de Mac, poderia ser interessante  explorar a velocidade da nova porta, principalmente por se tratar de um  HD de alta capacidade. Com isso, a empresa ainda seria a primeira a  trabalhar com a novidade. A possibilidade de uma porta USB 3.0 tamb\u00e9m  poderia ter sido explorada pela Western Digital.<\/p>\n<p>O design do produto pode agradar a diversos tipos de usu\u00e1rios, mas os  entusiastas Apple certamente ficar\u00e3o maravilhados. Com um acabamento em  a\u00e7o escovado, o HD externo combina perfeitamente com MacBooks Pro,  iMacs, entre outros produtos da turma do Steve Jobs.<\/p>\n<p><a href=\"http:\/\/info.abril.com.br\/noticias\/blogs\/gadgets\/files\/2011\/03\/wdfMyBook_Studio_2Q-1-e1300459043601.jpg\"><img decoding=\"async\" class=\"aligncenter\" title=\"wd2\" src=\"http:\/\/info.abril.com.br\/noticias\/blogs\/gadgets\/files\/2011\/03\/wdfMyBook_Studio_2Q-1-e1300459043601.jpg\" alt=\"\" width=\"300\" height=\"290\" \/><\/a><\/p>\n<p>Apesar de ser direcionado aos usu\u00e1rios de Mac, o HD tem  compatibilidade com Windows Vista e 7. O pre\u00e7o de venda anunciado \u00e9 de  550 d\u00f3lares.<\/p><\/blockquote>\n<p>Fonte:<a href=\"http:\/\/info.abril.com.br\/noticias\/blogs\/gadgets\/hds-externos\/hd-de-6tb-da-western-digital-foca-em-usuarios-de-mac\"><strong> info.abril<\/strong><\/a><\/p>\n","protected":false},"excerpt":{"rendered":"<p>A Western Digital mostrou seu novo HD externo, direcionado principalmente para usu\u00e1rios de equipamentos Mac que trabalham com uma grande demanda de espa\u00e7o. Talvez o termo enorme seja melhor. A capacidade de armazenamento do My Book Studio Edition II \u00e9 de 6 TB. Ele tem dois discos r\u00edgidos de 3 TB. Ele tem 4 portas [&hellip;]<\/p>\n","protected":false},"author":1,"featured_media":0,"comment_status":"open","ping_status":"open","sticky":false,"template":"","format":"standard","meta":{"footnotes":""},"categories":[55,577,104],"tags":[1872,315,1873],"class_list":["post-5551","post","type-post","status-publish","format-standard","hentry","category-macintosh","category-noticias","category-novas-tecnologias","tag-hd-externo","tag-mac","tag-western-digital"],"_links":{"self":[{"href":"https:\/\/dennytorres.com\/site\/wp-json\/wp\/v2\/posts\/5551","targetHints":{"allow":["GET"]}}],"collection":[{"href":"https:\/\/dennytorres.com\/site\/wp-json\/wp\/v2\/posts"}],"about":[{"href":"https:\/\/dennytorres.com\/site\/wp-json\/wp\/v2\/types\/post"}],"author":[{"embeddable":true,"href":"https:\/\/dennytorres.com\/site\/wp-json\/wp\/v2\/users\/1"}],"replies":[{"embeddable":true,"href":"https:\/\/dennytorres.com\/site\/wp-json\/wp\/v2\/comments?post=5551"}],"version-history":[{"count":0,"href":"https:\/\/dennytorres.com\/site\/wp-json\/wp\/v2\/posts\/5551\/revisions"}],"wp:attachment":[{"href":"https:\/\/dennytorres.com\/site\/wp-json\/wp\/v2\/media?parent=5551"}],"wp:term":[{"taxonomy":"category","embeddable":true,"href":"https:\/\/dennytorres.com\/site\/wp-json\/wp\/v2\/categories?post=5551"},{"taxonomy":"post_tag","embeddable":true,"href":"https:\/\/dennytorres.com\/site\/wp-json\/wp\/v2\/tags?post=5551"}],"curies":[{"name":"wp","href":"https:\/\/api.w.org\/{rel}","templated":true}]}}