{"id":5553,"date":"2011-03-20T07:31:10","date_gmt":"2011-03-20T10:31:10","guid":{"rendered":"http:\/\/dennytorres.com\/?p=5553"},"modified":"2011-03-20T07:31:10","modified_gmt":"2011-03-20T10:31:10","slug":"redefinindo-as-memorias-pram-e-nvram-do-seu-mac","status":"publish","type":"post","link":"https:\/\/dennytorres.com\/site\/redefinindo-as-memorias-pram-e-nvram-do-seu-mac\/","title":{"rendered":"Redefinindo as mem\u00f3rias PRAM e NVRAM do seu Mac"},"content":{"rendered":"<p>Se seu Mac anda meio lento na inicializa\u00e7\u00e3o ou na abertura dos progrmas, pode ser que voc\u00ea precise limpar as mem\u00f3rias RAM.<\/p>\n<blockquote>\n<h4>Redefinindo as mem\u00f3rias PRAM e NVRAM<\/h4>\n<ol>\n<li>Desligue o computador.<\/li>\n<li>Localize as teclas a seguir no teclado: Command, Option, P e R. Na etapa 4, voc\u00ea dever\u00e1 pressionar essas teclas simultaneamente.<\/li>\n<li>Ligue o computador.<\/li>\n<li>Mantenha as teclas Command-Option-P-R pressionadas. Quando voc\u00ea pressiona essa combina\u00e7\u00e3o de teclas, a tela cinza \u00e9 exibida.<\/li>\n<li>Mantenha as teclas pressionadas at\u00e9 o computador reiniciar e emitir o som de inicializa\u00e7\u00e3o pela segunda vez.<\/li>\n<li>Solte as teclas.<\/li>\n<\/ol>\n<p>As  mem\u00f3rias PRAM e NVRAM do computador foram redefinidas com os valores  padr\u00e3o. As configura\u00e7\u00f5es do rel\u00f3gio podem ser redefinidas com uma data  padr\u00e3o em alguns modelos.<\/p><\/blockquote>\n<p>Existem tamb\u00e9m outras teclas de atalho para outras funcionalidades. \u00c9 sempre bom estar antenado.<\/p>\n<p><a href=\"http:\/\/dennytorres.files.wordpress.com\/2011\/03\/teclas-de-atalho.png\"><img fetchpriority=\"high\" decoding=\"async\" class=\"aligncenter size-full wp-image-5554\" title=\"teclas de atalho\" src=\"http:\/\/dennytorres.files.wordpress.com\/2011\/03\/teclas-de-atalho.png\" alt=\"\" width=\"508\" height=\"589\" \/><\/a>Fonte: <a href=\"http:\/\/support.apple.com\/kb\/HT1379?viewlocale=pt_BR\" target=\"_blank\" rel=\"noopener\"><strong>MacSuport<\/strong><\/a><\/p>\n","protected":false},"excerpt":{"rendered":"<p>Se seu Mac anda meio lento na inicializa\u00e7\u00e3o ou na abertura dos progrmas, pode ser que voc\u00ea precise limpar as mem\u00f3rias RAM. Redefinindo as mem\u00f3rias PRAM e NVRAM Desligue o computador. Localize as teclas a seguir no teclado: Command, Option, P e R. Na etapa 4, voc\u00ea dever\u00e1 pressionar essas teclas simultaneamente. Ligue o computador. [&hellip;]<\/p>\n","protected":false},"author":1,"featured_media":0,"comment_status":"open","ping_status":"open","sticky":false,"template":"","format":"standard","meta":{"footnotes":""},"categories":[84,55],"tags":[315,447,1874,1875,807],"class_list":["post-5553","post","type-post","status-publish","format-standard","hentry","category-curiosidades","category-macintosh","tag-mac","tag-memoria","tag-nvram","tag-pram","tag-ram"],"_links":{"self":[{"href":"https:\/\/dennytorres.com\/site\/wp-json\/wp\/v2\/posts\/5553","targetHints":{"allow":["GET"]}}],"collection":[{"href":"https:\/\/dennytorres.com\/site\/wp-json\/wp\/v2\/posts"}],"about":[{"href":"https:\/\/dennytorres.com\/site\/wp-json\/wp\/v2\/types\/post"}],"author":[{"embeddable":true,"href":"https:\/\/dennytorres.com\/site\/wp-json\/wp\/v2\/users\/1"}],"replies":[{"embeddable":true,"href":"https:\/\/dennytorres.com\/site\/wp-json\/wp\/v2\/comments?post=5553"}],"version-history":[{"count":0,"href":"https:\/\/dennytorres.com\/site\/wp-json\/wp\/v2\/posts\/5553\/revisions"}],"wp:attachment":[{"href":"https:\/\/dennytorres.com\/site\/wp-json\/wp\/v2\/media?parent=5553"}],"wp:term":[{"taxonomy":"category","embeddable":true,"href":"https:\/\/dennytorres.com\/site\/wp-json\/wp\/v2\/categories?post=5553"},{"taxonomy":"post_tag","embeddable":true,"href":"https:\/\/dennytorres.com\/site\/wp-json\/wp\/v2\/tags?post=5553"}],"curies":[{"name":"wp","href":"https:\/\/api.w.org\/{rel}","templated":true}]}}