{"id":5565,"date":"2011-03-23T21:49:48","date_gmt":"2011-03-24T00:49:48","guid":{"rendered":"http:\/\/dennytorres.com\/?p=5565"},"modified":"2011-03-23T21:49:48","modified_gmt":"2011-03-24T00:49:48","slug":"este-video-em-timelapse-da-aurora-vai-te-deixar-emocionado","status":"publish","type":"post","link":"https:\/\/dennytorres.com\/site\/este-video-em-timelapse-da-aurora-vai-te-deixar-emocionado\/","title":{"rendered":"Este v\u00eddeo em timelapse da Aurora vai te deixar emocionado"},"content":{"rendered":"<p><iframe title=\"The Aurora\" src=\"https:\/\/player.vimeo.com\/video\/21294655?dnt=1&amp;app_id=122963\" width=\"640\" height=\"360\" frameborder=\"0\" allow=\"autoplay; fullscreen; picture-in-picture; clipboard-write\"><\/iframe><\/p>\n<blockquote><p>Este v\u00eddeo em timelapse da Aurora vai te deixar emocionado<\/p>\n<p>\u00c9 estranho pensar como a radia\u00e7\u00e3o provoca tanto medo e caos e ao mesmo tempo \u00e9 capaz de produzir belezas t\u00e3o inspiradoras e incr\u00edveis como esta do v\u00eddeo. Eu j\u00e1 assisti v\u00eddeo incr\u00edveis de auroras, mas esse feito pelo fot\u00f3grafo noruegu\u00eas Terje Sorgjerd \u00e9 o melhor.<\/p>\n<p>As auroras s\u00e3o criadas pela radia\u00e7\u00e3o que vem do sol e atinge o campo magn\u00e9tico da Terra. Quando o vento solar atinge a atmosfera terrestre, \u00e1tomos de nitrog\u00eanio ionizados se recuperam enquanto os \u00e1tomos de oxig\u00eanio e hidrog\u00eanio e el\u00e9trons atingem o estado fundamental. Eles produzem f\u00f3tons durante o processo, com o oxig\u00eanio emitindo f\u00f3tons verdes e vermelhos e o nitrog\u00eanio produzindo azuis \u2014 ganho de el\u00e9trons \u2014 ou vermelho \u2014 quando chegam ao estado fundamental.<\/p><\/blockquote>\n<p>Fonte: <a href=\"http:\/\/www.gizmodo.com.br\/conteudo\/este-video-em-timelapse-da-aurora-vai-te-deixar-emocionado\/\" target=\"_blank\" rel=\"noopener\"><strong>Gizmodo<\/strong><\/a><\/p>\n","protected":false},"excerpt":{"rendered":"<p>Este v\u00eddeo em timelapse da Aurora vai te deixar emocionado \u00c9 estranho pensar como a radia\u00e7\u00e3o provoca tanto medo e caos e ao mesmo tempo \u00e9 capaz de produzir belezas t\u00e3o inspiradoras e incr\u00edveis como esta do v\u00eddeo. Eu j\u00e1 assisti v\u00eddeo incr\u00edveis de auroras, mas esse feito pelo fot\u00f3grafo noruegu\u00eas Terje Sorgjerd \u00e9 o [&hellip;]<\/p>\n","protected":false},"author":1,"featured_media":0,"comment_status":"open","ping_status":"open","sticky":false,"template":"","format":"standard","meta":{"footnotes":""},"categories":[84,124],"tags":[1883,1884,1885,780],"class_list":["post-5565","post","type-post","status-publish","format-standard","hentry","category-curiosidades","category-videos","tag-aurora","tag-boreal","tag-radiacao","tag-solar"],"_links":{"self":[{"href":"https:\/\/dennytorres.com\/site\/wp-json\/wp\/v2\/posts\/5565","targetHints":{"allow":["GET"]}}],"collection":[{"href":"https:\/\/dennytorres.com\/site\/wp-json\/wp\/v2\/posts"}],"about":[{"href":"https:\/\/dennytorres.com\/site\/wp-json\/wp\/v2\/types\/post"}],"author":[{"embeddable":true,"href":"https:\/\/dennytorres.com\/site\/wp-json\/wp\/v2\/users\/1"}],"replies":[{"embeddable":true,"href":"https:\/\/dennytorres.com\/site\/wp-json\/wp\/v2\/comments?post=5565"}],"version-history":[{"count":0,"href":"https:\/\/dennytorres.com\/site\/wp-json\/wp\/v2\/posts\/5565\/revisions"}],"wp:attachment":[{"href":"https:\/\/dennytorres.com\/site\/wp-json\/wp\/v2\/media?parent=5565"}],"wp:term":[{"taxonomy":"category","embeddable":true,"href":"https:\/\/dennytorres.com\/site\/wp-json\/wp\/v2\/categories?post=5565"},{"taxonomy":"post_tag","embeddable":true,"href":"https:\/\/dennytorres.com\/site\/wp-json\/wp\/v2\/tags?post=5565"}],"curies":[{"name":"wp","href":"https:\/\/api.w.org\/{rel}","templated":true}]}}