{"id":5579,"date":"2011-03-28T21:13:34","date_gmt":"2011-03-29T00:13:34","guid":{"rendered":"http:\/\/dennytorres.com\/?p=5579"},"modified":"2011-03-28T21:13:34","modified_gmt":"2011-03-29T00:13:34","slug":"aumento-do-iof-ja-encarece-compras-com-cartao-em-sites-estrangeiros","status":"publish","type":"post","link":"https:\/\/dennytorres.com\/site\/aumento-do-iof-ja-encarece-compras-com-cartao-em-sites-estrangeiros\/","title":{"rendered":"Aumento do IOF j\u00e1 encarece compras com cart\u00e3o em sites estrangeiros"},"content":{"rendered":"<div>\n<blockquote><p><a href=\"http:\/\/dennytorres.files.wordpress.com\/2010\/02\/real.jpeg\"><img decoding=\"async\" class=\"alignleft size-large wp-image-1793\" title=\"real\" src=\"http:\/\/dennytorres.files.wordpress.com\/2010\/02\/real.jpeg?w=500\" alt=\"\" width=\"108\" height=\"221\" \/><\/a>Come\u00e7a a vigorar nesta segunda-feira (28\/3) o decreto presidencial  que aumenta a al\u00edquota de Imposto sobre Opera\u00e7\u00f5es Financeiras (IOF) nas  compras com cart\u00e3o de cr\u00e9dito no Exterior. A medida eleva de 2,38% para  6,38% o imposto cobrado nessas opera\u00e7\u00f5es.<\/p>\n<p>O decreto 7.454 foi assinado pela presidente Dilma Rousseff em 25\/3\/2011 e publicado na <a href=\"http:\/\/www.in.gov.br\/imprensa\/visualiza\/index.jsp?jornal=1&amp;pagina=3&amp;data=28\/03\/2011\">edi\u00e7\u00e3o desta segunda-feira<\/a> do Di\u00e1rio Oficial da Uni\u00e3o. A medida deve encarecer tamb\u00e9m compras  efetuadas via Internet em sites no Exterior com cart\u00e3o de cr\u00e9dito.<\/p>\n<p>Segundo o governo, o objetivo da medida \u00e9 conter a queda do d\u00f3lar ao  desestimular o uso do cart\u00e3o de cr\u00e9dito em importa\u00e7\u00f5es. Al\u00e9m disso, o  aumento do IOF dever\u00e1 compensar parte da perda de arrecada\u00e7\u00e3o causada  pela corre\u00e7\u00e3o da tabela do Imposto de Renda Pessoa F\u00edsica.<\/p>\n<p>Segundo o texto do decreto, o decreto do IOF ter\u00e1 efeito nas  opera\u00e7\u00f5es de c\u00e2mbio liquidadas ap\u00f3s o 30.\u00ba dia subsequente \u00e0 data da  publica\u00e7\u00e3o.<\/p><\/blockquote>\n<p>Fonte: <a href=\"http:\/\/idgnow.uol.com.br\/internet\/2011\/03\/28\/aumento-do-iof-ja-encarece-compras-com-cartao-em-sites-estrangeiros\/\" target=\"_blank\" rel=\"noopener\"><strong>Idgnow<\/strong><\/a><\/p>\n<\/div>\n","protected":false},"excerpt":{"rendered":"<p>Come\u00e7a a vigorar nesta segunda-feira (28\/3) o decreto presidencial que aumenta a al\u00edquota de Imposto sobre Opera\u00e7\u00f5es Financeiras (IOF) nas compras com cart\u00e3o de cr\u00e9dito no Exterior. A medida eleva de 2,38% para 6,38% o imposto cobrado nessas opera\u00e7\u00f5es. O decreto 7.454 foi assinado pela presidente Dilma Rousseff em 25\/3\/2011 e publicado na edi\u00e7\u00e3o desta [&hellip;]<\/p>\n","protected":false},"author":1,"featured_media":0,"comment_status":"open","ping_status":"open","sticky":false,"template":"","format":"standard","meta":{"footnotes":""},"categories":[922,577],"tags":[446,1755,1893,881,1894],"class_list":["post-5579","post","type-post","status-publish","format-standard","hentry","category-mestre-das-financas","category-noticias","tag-cartao","tag-compras","tag-dilma-rousseff","tag-dolar","tag-iof"],"_links":{"self":[{"href":"https:\/\/dennytorres.com\/site\/wp-json\/wp\/v2\/posts\/5579","targetHints":{"allow":["GET"]}}],"collection":[{"href":"https:\/\/dennytorres.com\/site\/wp-json\/wp\/v2\/posts"}],"about":[{"href":"https:\/\/dennytorres.com\/site\/wp-json\/wp\/v2\/types\/post"}],"author":[{"embeddable":true,"href":"https:\/\/dennytorres.com\/site\/wp-json\/wp\/v2\/users\/1"}],"replies":[{"embeddable":true,"href":"https:\/\/dennytorres.com\/site\/wp-json\/wp\/v2\/comments?post=5579"}],"version-history":[{"count":0,"href":"https:\/\/dennytorres.com\/site\/wp-json\/wp\/v2\/posts\/5579\/revisions"}],"wp:attachment":[{"href":"https:\/\/dennytorres.com\/site\/wp-json\/wp\/v2\/media?parent=5579"}],"wp:term":[{"taxonomy":"category","embeddable":true,"href":"https:\/\/dennytorres.com\/site\/wp-json\/wp\/v2\/categories?post=5579"},{"taxonomy":"post_tag","embeddable":true,"href":"https:\/\/dennytorres.com\/site\/wp-json\/wp\/v2\/tags?post=5579"}],"curies":[{"name":"wp","href":"https:\/\/api.w.org\/{rel}","templated":true}]}}