{"id":5588,"date":"2011-03-31T07:24:23","date_gmt":"2011-03-31T10:24:23","guid":{"rendered":"http:\/\/dennytorres.com\/?p=5588"},"modified":"2011-03-31T07:24:23","modified_gmt":"2011-03-31T10:24:23","slug":"inversao-dos-polos-nos-jornais-ingleses","status":"publish","type":"post","link":"https:\/\/dennytorres.com\/site\/inversao-dos-polos-nos-jornais-ingleses\/","title":{"rendered":"Invers\u00e3o dos P\u00f3los nos Jornais Ingleses"},"content":{"rendered":"<blockquote><p>LONDRES &#8211; O P\u00f3lo Norte est\u00e1 de mudan\u00e7a. Cientistas encontraram grandes  buracos no campo magn\u00e9tico da Terra, sugerindo que os P\u00f3los Norte e Sul  est\u00e3o se preparando para trocar de posi\u00e7\u00e3o, numa guinada magn\u00e9tica.<\/p>\n<p>Um per\u00edodo de caos poderia ser iminente, no qual as b\u00fassolas n\u00e3o mais  apontariam para o Norte, animais migrat\u00f3rios tomariam o rumo errado e  sat\u00e9lites seriam queimados pela radia\u00e7\u00e3o solar.<\/p>\n<p>Os buracos est\u00e3o sobre o sul do Atl\u00e2ntico e do \u00c1rtico. As mudan\u00e7as foram  divulgadas depois da an\u00e1lise de dados  detalhados do sat\u00e9lite  dinamarqu\u00eas Orsted, cujos resultados foram comparados com dados  coletados antes por outros sat\u00e9lites.<\/p>\n<p>A velocidade da mudan\u00e7a surpreendeu os cientistas. Nils Olsen, do Centro  para a Ci\u00eancia Planet\u00e1ria da Dinamarca, um dos v\u00e1rios institutos que  analisam os dados, afirmou que o n\u00facleo da Terra parece estar passando  por mudan\u00e7as dram\u00e1ticas.<\/p>\n<p>&#8221;Esta poderia ser a situa\u00e7\u00e3o na qual o geod\u00ednamo da Terra opera antes de se reverter&#8221;, diz o pesquisador.<br \/>\n<img decoding=\"async\" style=\"width:250px;height:218px;\" src=\"http:\/\/dennytorres.files.wordpress.com\/2011\/03\/campo-magnetico.jpg?w=300\" alt=\"http:\/\/dennytorres.files.wordpress.com\/2011\/03\/campo-magnetico.jpg?w=300\" hspace=\"6\" align=\"left\" \/><\/p>\n<p>O geod\u00ednamo \u00e9 o processo pelo qual o campo magn\u00e9tico \u00e9 produzido: por  correntes de ferro derretido fluindo em torno de um n\u00facleo s\u00f3lido. \u00c0s  vezes, turbilh\u00f5es gigantes formam-se no metal l\u00edquido, com o poder de  mudar ou mesmo reverter os campos magn\u00e9ticos acima deles.<\/p>\n<p>A equipe de Olson acredita que turbilh\u00f5es se formaram sob o P\u00f3lo Norte e  o sul do Atl\u00e2ntico. Se eles se tornarem fortes o bastante, poder\u00e3o  reverter todas as outras correntes, levando os p\u00f3los Norte e Sul a  trocar seus lugares.<\/p>\n<p>Andy Jackson, especialista em geomagnetismo da Universidade de Leeds,  Inglaterra, disse que a mudan\u00e7a est\u00e1 atrasada: &#8221;Tais guinadas  normalmente acontecem a cada 500 mil anos, mas j\u00e1 se passaram 750 mil  desde a \u00faltima.&#8221;<\/p>\n<p>A mudan\u00e7a poderia afetar tanto os seres humanos  quanto a vida selvagem.\u00a0A magnetosfera fornece prote\u00e7\u00e3o vital contra a  radia\u00e7\u00e3o solar abrasadora, que de outro modo esterilizaria a Terra.<\/p>\n<p>A magnetosfera \u00e9 a extens\u00e3o do campo magn\u00e9tico do planeta no espa\u00e7o. Ela  forma uma esp\u00e9cie de bolha magn\u00e9tica protetora, que protege a Terra das  part\u00edculas e radia\u00e7\u00e3o trazidas pelo &#8221;vento solar&#8221;.<img fetchpriority=\"high\" decoding=\"async\" src=\"http:\/\/g1.globo.com\/Noticias\/Ciencia\/foto\/0,,16156702-EX,00.jpg\" alt=\"http:\/\/g1.globo.com\/Noticias\/Ciencia\/foto\/0,,16156702-EX,00.jpg\" hspace=\"6\" width=\"300\" height=\"188\" align=\"left\" \/><\/p>\n<p>O campo magn\u00e9tico  provavelmente n\u00e3o desapareceria de uma vez, mas ele poderia enfraquecer enquanto os p\u00f3los trocam de posi\u00e7\u00f5es.<\/p>\n<p>A onda de radia\u00e7\u00e3o resultante poderia causar c\u00e2ncer, reduzir as  colheitas e confundir animais migrat\u00f3rios, das baleias aos ping\u00fcins.  Muitas aves e animais marinhos se guiam pelo campo magn\u00e9tico da Terra  para viajar de um lugar para outro. A navega\u00e7\u00e3o por b\u00fassola se tornaria  muito dif\u00edcil. E os sat\u00e9lites &#8211; ferramentas alternativas de navega\u00e7\u00e3o e  vitais para as redes de comunica\u00e7\u00e3o &#8211; seriam rapidamente danificados  pela radia\u00e7\u00e3o.<\/p>\n<p>O ponto zero e a mudan\u00e7a das eras do calend\u00e1rio Maia<\/p>\n<p>Profecias ancestrais e diversas tradi\u00e7\u00f5es ind\u00edgenas anteviram o  fen\u00f4meno. Mas agora para surpresa de muita gente, \u00e9 a pr\u00f3pria ci\u00eancia  que come\u00e7a a reconhecer importantes mudan\u00e7as no campo magn\u00e9tico e na  freq\u00fc\u00eancia vibrat\u00f3ria da Terra.<\/p>\n<p>O \u00e1pice do processo, que segundo alguns especialistas, dever\u00e1 ocorrer em  alguns anos provavelmente provocar\u00e1 a invers\u00e3o do sentido da rota\u00e7\u00e3o do  nosso planeta e tamb\u00e9m a invers\u00e3o dos p\u00f3los magn\u00e9ticos.<\/p>\n<p>O texto que o Guia L\u00f3tus agora veicula \u00e9 baseado nas informa\u00e7\u00f5es que  enfoca o trabalho do ge\u00f3logo norte-americano Greg Braden, maior  estudioso do fen\u00f4meno.<\/p>\n<p>Braden trabalha a partir da interface ci\u00eancia-esoterismo e \u00e9 autor do  livro\u00a0 &#8220;Awakening to Zero Point &#8221; (Despertando para o Ponto Zero \u2013 ainda  n\u00e3o traduzido para o portugu\u00eas) e de um v\u00eddeo de quatro horas sobre o  fen\u00f4meno e suas poss\u00edveis conseq\u00fc\u00eancias para a humanidade.<\/p>\n<p><img decoding=\"async\" src=\"http:\/\/foradoninho.files.wordpress.com\/2009\/05\/maiacalendarimg.jpg\" alt=\"http:\/\/foradoninho.files.wordpress.com\/2009\/05\/maiacalendarimg.jpg\" hspace=\"6\" width=\"300\" height=\"284\" align=\"left\" \/>Greg Braden est\u00e1 constantemente viajando pelos Estados Unidos e marcando  presen\u00e7a na m\u00eddia demonstrando com provas cient\u00edficas que a Terra vem  passando pelo Cintur\u00e3o de F\u00f3tons e que h\u00e1 uma desacelera\u00e7\u00e3o na rota\u00e7\u00e3o  do planeta. Ao mesmo tempo, ocorre um aumento na freq\u00fc\u00eancia ressonante  da Terra (a chamada Resson\u00e2ncia de Schumann).<\/p>\n<p>Quando a Terra perder por completo a sua rota\u00e7\u00e3o e a freq\u00fc\u00eancia  ressonante alcan\u00e7ar o \u00edndice de 13 ciclos, n\u00f3s estaremos no que Braden  chama de Ponto Zero do campo magn\u00e9tico.<\/p>\n<p>A Terra ficar\u00e1 parada e, ap\u00f3s dois ou tr\u00eas dias, recome\u00e7ar\u00e1 a girar s\u00f3  que na dire\u00e7\u00e3o oposta. Isto produzir\u00e1 uma total revers\u00e3o nos campos  magn\u00e9ticos terrestres.<\/p>\n<p>A freq\u00fc\u00eancia de base da Terra, ou &#8221;pulsa\u00e7\u00e3o&#8221;  (chamada Resson\u00e2ncia de Schumann, ou RS), est\u00e1 aumentando drasticamente.  Embora varie entre regi\u00f5es geogr\u00e1ficas, durante d\u00e9cadas a m\u00e9dia foi de 7  e 8 ciclos por segundo. Esta medida j\u00e1 foi considerada uma constante;  comunica\u00e7\u00f5es globais militares foram desenvolvidas a partir do valor  desta freq\u00fc\u00eancia. Recentes relat\u00f3rios estabeleceram a taxa num \u00edndice  superior a 11 ciclos.<\/p>\n<p>A ci\u00eancia n\u00e3o sabe porque isso acontece \u2013 nem o que fazer com essa  situa\u00e7\u00e3o. Greg Baden encontrou dados coletados por pesquisadores  noruegueses e russos sobre o assunto \u2013 que, por sinal, n\u00e3o \u00e9 amplamente  tratado nos Estados Unidos.<\/p>\n<p>A \u00fanica refer\u00eancia \u00e0 RS encontrada na Biblioteca de Seattle est\u00e1  relacionada \u00e0 meteorologia: a ci\u00eancia reconhece a RS como um sens\u00edvel  indicador de varia\u00e7\u00f5es de temperatura e condi\u00e7\u00f5es amplas de clima.<\/p>\n<p>Braden acredita que a RS flutuante pode ser fator importante no  desencadeamento das severas tempestades e enchentes dos \u00faltimos anos.<\/p>\n<p>Campo magn\u00e9tico decrescente<\/p>\n<p><img decoding=\"async\" src=\"http:\/\/dennytorres.files.wordpress.com\/2011\/03\/shumann_ondasatm.gif?w=299\" alt=\"http:\/\/dennytorres.files.wordpress.com\/2011\/03\/shumann_ondasatm.gif?w=299\" hspace=\"6\" align=\"left\" \/>Enquanto a taxa de &#8221;pulsa\u00e7\u00e3o&#8221; est\u00e1 crescendo, seu  campo de for\u00e7a magn\u00e9tico est\u00e1 declinando. De acordo com professor  Banerjee, da Universidade do Novo M\u00e9xico \u2013 EUA, o campo reduziu sua  intensidade \u00e0 metade, nos \u00faltimos quatro (4) mil anos. E como um dos  fen\u00f4menos que costuma preceder a invers\u00e3o do magnetismo polar \u00e9 a  redu\u00e7\u00e3o deste campo de for\u00e7a, ele acredita que outra invers\u00e3o deve estar  acontecendo.<\/p>\n<p>Braden afirma, em fun\u00e7\u00e3o disso, que os registros geol\u00f3gicos da Terra que  indicam invers\u00f5es magn\u00e9ticas tamb\u00e9m assinalam mudan\u00e7as c\u00edclicas  ocorridas anteriormente. E, considerando a enorme escala de tempo  representada por todo o processo, devem ter ocorrido muito poucas dessas  mudan\u00e7as ao longo da hist\u00f3ria do planeta.<\/p>\n<p>Greg Braden costuma afirmar que estas informa\u00e7\u00f5es n\u00e3o devem ser usadas com o objetivo de amedrontar as pessoas.<br \/>\nEle acredita que devemos estar preparados para as mudan\u00e7as planet\u00e1rias,  que ir\u00e3o introduzir uma Nova Era de Luz para a humanidade: iremos al\u00e9m  do dinheiro e do tempo, com os conceitos baseados no medo sendo  totalmente dissolvidos.<\/p>\n<p><img decoding=\"async\" style=\"width:343px;height:307px;\" src=\"http:\/\/zapper.xitizap.com\/xitizap%2014\/img19.gif\" alt=\"http:\/\/zapper.xitizap.com\/xitizap%2014\/img19.gif\" hspace=\"6\" align=\"left\" \/>Braden lembra que o Ponto Zero ou a Mudan\u00e7a das Eras vem sendo predito  por povos ancestrais h\u00e1 milhares de anos. T\u00eam acontecido ao longo da  hist\u00f3ria do planeta muitas transforma\u00e7\u00f5es geol\u00f3gicas importantes,  incluindo aquelas que ocorrem a cada treze (13) mil anos, precisamente  na metade dos vinte e seis (26) mil anos de Precess\u00e3o dos Equin\u00f3cios.<\/p>\n<p>O Ponto Zero ou uma invers\u00e3o dos p\u00f3los magn\u00e9ticos provavelmente  acontecer\u00e1 logo, acredita Braden. Poderia possivelmente sincronizar-se  com o biorritmo de quatro (4) ciclos da Terra, que ocorre a cada vinte  (20) anos, sempre no dia 12 de Agosto. A \u00faltima ocorr\u00eancia foi em 2003.<\/p>\n<p>Afirma-se que depois do Ponto Zero o sol nascer\u00e1 no oeste e se por\u00e1 no  leste. Ocorr\u00eancias passadas, deste mesmo tipo de mudan\u00e7a, foram  encontradas em registros ancestrais.<\/p><\/blockquote>\n<p>Fonte: <a href=\"http:\/\/www.ufotvonline.com.br\/arquivo-noticias\/5-geral\/123-inversao-dos-polos-nos-jornais-ingleses.html\" target=\"_blank\" rel=\"noopener\"><strong>Ufotvonline<\/strong><\/a><\/p>\n","protected":false},"excerpt":{"rendered":"<p>LONDRES &#8211; O P\u00f3lo Norte est\u00e1 de mudan\u00e7a. Cientistas encontraram grandes buracos no campo magn\u00e9tico da Terra, sugerindo que os P\u00f3los Norte e Sul est\u00e3o se preparando para trocar de posi\u00e7\u00e3o, numa guinada magn\u00e9tica. Um per\u00edodo de caos poderia ser iminente, no qual as b\u00fassolas n\u00e3o mais apontariam para o Norte, animais migrat\u00f3rios tomariam o [&hellip;]<\/p>\n","protected":false},"author":1,"featured_media":0,"comment_status":"open","ping_status":"open","sticky":false,"template":"","format":"standard","meta":{"footnotes":""},"categories":[125,84,577],"tags":[887,1898,1899],"class_list":["post-5588","post","type-post","status-publish","format-standard","hentry","category-astronomia","category-curiosidades","category-noticias","tag-887","tag-polos","tag-radiacao-solar"],"_links":{"self":[{"href":"https:\/\/dennytorres.com\/site\/wp-json\/wp\/v2\/posts\/5588","targetHints":{"allow":["GET"]}}],"collection":[{"href":"https:\/\/dennytorres.com\/site\/wp-json\/wp\/v2\/posts"}],"about":[{"href":"https:\/\/dennytorres.com\/site\/wp-json\/wp\/v2\/types\/post"}],"author":[{"embeddable":true,"href":"https:\/\/dennytorres.com\/site\/wp-json\/wp\/v2\/users\/1"}],"replies":[{"embeddable":true,"href":"https:\/\/dennytorres.com\/site\/wp-json\/wp\/v2\/comments?post=5588"}],"version-history":[{"count":0,"href":"https:\/\/dennytorres.com\/site\/wp-json\/wp\/v2\/posts\/5588\/revisions"}],"wp:attachment":[{"href":"https:\/\/dennytorres.com\/site\/wp-json\/wp\/v2\/media?parent=5588"}],"wp:term":[{"taxonomy":"category","embeddable":true,"href":"https:\/\/dennytorres.com\/site\/wp-json\/wp\/v2\/categories?post=5588"},{"taxonomy":"post_tag","embeddable":true,"href":"https:\/\/dennytorres.com\/site\/wp-json\/wp\/v2\/tags?post=5588"}],"curies":[{"name":"wp","href":"https:\/\/api.w.org\/{rel}","templated":true}]}}