{"id":5602,"date":"2011-04-02T07:48:36","date_gmt":"2011-04-02T10:48:36","guid":{"rendered":"http:\/\/dennytorres.com\/?p=5602"},"modified":"2011-04-02T07:48:36","modified_gmt":"2011-04-02T10:48:36","slug":"venda-de-macbook-pro-2-66-core-2-duo-aumentei-a-memoria-ram","status":"publish","type":"post","link":"https:\/\/dennytorres.com\/site\/venda-de-macbook-pro-2-66-core-2-duo-aumentei-a-memoria-ram\/","title":{"rendered":"Venda de Macbook Pro 2.66 Core 2 Duo \u2013 Aumentei a mem\u00f3ria RAM"},"content":{"rendered":"<p>Para que ainda n\u00e3o viu <a href=\"http:\/\/dennytorres.com\/2011\/03\/08\/venda-de-macbook-pro-2-66-core-2-duo-baixei-o-preco\/\" target=\"_blank\" rel=\"noopener\"><strong>meu an\u00fancio no Mercado livre<\/strong><\/a>, eu agora resolvi aumentar a mem\u00f3ria RAM, para <span style=\"color:#008000;\"><strong>8 GB<\/strong><\/span>, mantendo o mesmo pre\u00e7o, com o objetivo de aumentar sua atratividade.<\/p>\n<p>Agora, definitivamente, \u00e9 uma \u00f3tima oportunidade.<\/p>\n<p>Para quem estiver interessado entre em contado, pois ainda poderemos negociar o pre\u00e7o e a forma de pagamento.<\/p>\n<p><a href=\"http:\/\/dennytorres.files.wordpress.com\/2011\/04\/captura-de-tela-2011-04-02-c3a0s-07-40-23.png\"><img fetchpriority=\"high\" decoding=\"async\" class=\"aligncenter size-full wp-image-5603\" title=\"Captura de tela 2011-04-02 \u00e0s 07.40.23\" src=\"http:\/\/dennytorres.files.wordpress.com\/2011\/04\/captura-de-tela-2011-04-02-c3a0s-07-40-23.png\" alt=\"\" width=\"600\" height=\"267\" \/><\/a><\/p>\n","protected":false},"excerpt":{"rendered":"<p>Para que ainda n\u00e3o viu meu an\u00fancio no Mercado livre, eu agora resolvi aumentar a mem\u00f3ria RAM, para 8 GB, mantendo o mesmo pre\u00e7o, com o objetivo de aumentar sua atratividade. Agora, definitivamente, \u00e9 uma \u00f3tima oportunidade. Para quem estiver interessado entre em contado, pois ainda poderemos negociar o pre\u00e7o e a forma de pagamento.<\/p>\n","protected":false},"author":1,"featured_media":0,"comment_status":"open","ping_status":"open","sticky":false,"template":"","format":"standard","meta":{"footnotes":""},"categories":[55,577],"tags":[232,1903,1146,1552],"class_list":["post-5602","post","type-post","status-publish","format-standard","hentry","category-macintosh","category-noticias","tag-macbook","tag-mercado-livre","tag-venda","tag-vendo"],"_links":{"self":[{"href":"https:\/\/dennytorres.com\/site\/wp-json\/wp\/v2\/posts\/5602","targetHints":{"allow":["GET"]}}],"collection":[{"href":"https:\/\/dennytorres.com\/site\/wp-json\/wp\/v2\/posts"}],"about":[{"href":"https:\/\/dennytorres.com\/site\/wp-json\/wp\/v2\/types\/post"}],"author":[{"embeddable":true,"href":"https:\/\/dennytorres.com\/site\/wp-json\/wp\/v2\/users\/1"}],"replies":[{"embeddable":true,"href":"https:\/\/dennytorres.com\/site\/wp-json\/wp\/v2\/comments?post=5602"}],"version-history":[{"count":0,"href":"https:\/\/dennytorres.com\/site\/wp-json\/wp\/v2\/posts\/5602\/revisions"}],"wp:attachment":[{"href":"https:\/\/dennytorres.com\/site\/wp-json\/wp\/v2\/media?parent=5602"}],"wp:term":[{"taxonomy":"category","embeddable":true,"href":"https:\/\/dennytorres.com\/site\/wp-json\/wp\/v2\/categories?post=5602"},{"taxonomy":"post_tag","embeddable":true,"href":"https:\/\/dennytorres.com\/site\/wp-json\/wp\/v2\/tags?post=5602"}],"curies":[{"name":"wp","href":"https:\/\/api.w.org\/{rel}","templated":true}]}}