{"id":5781,"date":"2011-06-11T19:31:55","date_gmt":"2011-06-11T22:31:55","guid":{"rendered":"http:\/\/dennytorres.com\/?p=5781"},"modified":"2011-06-11T19:31:55","modified_gmt":"2011-06-11T22:31:55","slug":"primate-labs-relatorio-de-desempenho-dos-novos-imacs-2011","status":"publish","type":"post","link":"https:\/\/dennytorres.com\/site\/primate-labs-relatorio-de-desempenho-dos-novos-imacs-2011\/","title":{"rendered":"Primate Labs &#8211; relat\u00f3rio de desempenho dos novos Imacs 2011"},"content":{"rendered":"<p>Ontem chegou o meu mais novo Mac, aproveitando uma promo\u00e7\u00e3o da <strong>FastShop<\/strong>, comprei um <strong>Imac 21&#8243;, 2,5 (Quad Core), 4GB de RAM<\/strong>. Incr\u00edvel o desempenho deste brinquedinho.<\/p>\n<p>Realmente meu amigo <strong>Dirvan<\/strong> estava certo, no que diz respeito \u00e0 diferen\u00e7a de desempenho\u00a0entre\u00a0os Desktops e os Laptops da Apple.<\/p>\n<p>&nbsp;<\/p>\n<p>Esse Imac simplesmente voa.<\/p>\n<p>Como eu j\u00e1 tinha um monitor da LG 23&#8243; encostado e sem uso, resolvi utiliz\u00e1-lo como dual monitor. Ficou muito show.<\/p>\n<p>Conferi no site da <strong><a href=\"http:\/\/www.primatelabs.ca\/blog\/2011\/05\/imac-benchmarks-mid-2011\/\" target=\"_blank\" rel=\"noopener\">Primate Labs<\/a><\/strong> o benchmark dos novos Imacs. Pois a\u00ed vai um print screen que fiz ap\u00f3s o teste.<\/p>\n<p><a href=\"http:\/\/dennytorres.files.wordpress.com\/2011\/06\/imac_i5.png\"><img fetchpriority=\"high\" decoding=\"async\" class=\"aligncenter size-full wp-image-5783\" title=\"imac_i5\" src=\"http:\/\/dennytorres.files.wordpress.com\/2011\/06\/imac_i5.png\" alt=\"\" width=\"600\" height=\"446\" \/><\/a><\/p>\n<p><a href=\"http:\/\/dennytorres.files.wordpress.com\/2011\/06\/imac-i5.png\"><img decoding=\"async\" class=\"aligncenter size-full wp-image-5782\" title=\"imac i5\" src=\"http:\/\/dennytorres.files.wordpress.com\/2011\/06\/imac-i5.png\" alt=\"\" width=\"600\" height=\"854\" \/><\/a><\/p>\n","protected":false},"excerpt":{"rendered":"<p>Ontem chegou o meu mais novo Mac, aproveitando uma promo\u00e7\u00e3o da FastShop, comprei um Imac 21&#8243;, 2,5 (Quad Core), 4GB de RAM. Incr\u00edvel o desempenho deste brinquedinho. Realmente meu amigo Dirvan estava certo, no que diz respeito \u00e0 diferen\u00e7a de desempenho\u00a0entre\u00a0os Desktops e os Laptops da Apple. &nbsp; Esse Imac simplesmente voa. Como eu j\u00e1 [&hellip;]<\/p>\n","protected":false},"author":1,"featured_media":0,"comment_status":"open","ping_status":"open","sticky":false,"template":"","format":"standard","meta":{"footnotes":""},"categories":[55,577],"tags":[462,1286,1978],"class_list":["post-5781","post","type-post","status-publish","format-standard","hentry","category-macintosh","category-noticias","tag-benchmark","tag-imac","tag-primate-labs"],"_links":{"self":[{"href":"https:\/\/dennytorres.com\/site\/wp-json\/wp\/v2\/posts\/5781","targetHints":{"allow":["GET"]}}],"collection":[{"href":"https:\/\/dennytorres.com\/site\/wp-json\/wp\/v2\/posts"}],"about":[{"href":"https:\/\/dennytorres.com\/site\/wp-json\/wp\/v2\/types\/post"}],"author":[{"embeddable":true,"href":"https:\/\/dennytorres.com\/site\/wp-json\/wp\/v2\/users\/1"}],"replies":[{"embeddable":true,"href":"https:\/\/dennytorres.com\/site\/wp-json\/wp\/v2\/comments?post=5781"}],"version-history":[{"count":0,"href":"https:\/\/dennytorres.com\/site\/wp-json\/wp\/v2\/posts\/5781\/revisions"}],"wp:attachment":[{"href":"https:\/\/dennytorres.com\/site\/wp-json\/wp\/v2\/media?parent=5781"}],"wp:term":[{"taxonomy":"category","embeddable":true,"href":"https:\/\/dennytorres.com\/site\/wp-json\/wp\/v2\/categories?post=5781"},{"taxonomy":"post_tag","embeddable":true,"href":"https:\/\/dennytorres.com\/site\/wp-json\/wp\/v2\/tags?post=5781"}],"curies":[{"name":"wp","href":"https:\/\/api.w.org\/{rel}","templated":true}]}}