{"id":5813,"date":"2011-07-01T16:58:47","date_gmt":"2011-07-01T19:58:47","guid":{"rendered":"http:\/\/dennytorres.com\/?p=5813"},"modified":"2011-07-01T16:58:47","modified_gmt":"2011-07-01T19:58:47","slug":"gmail-e-google-agenda-de-cara-nova","status":"publish","type":"post","link":"https:\/\/dennytorres.com\/site\/gmail-e-google-agenda-de-cara-nova\/","title":{"rendered":"Gmail e Google Agenda de cara nova"},"content":{"rendered":"<blockquote><p>As novidades do Google+ n\u00e3o param pelo campo das redes sociais. Ao que parece, diversos servi\u00e7os da Google est\u00e3o sendo repaginados.<\/p>\n<p>\u00c9 o caso do Google Agenda e do Gmail. Veja abaixo:<\/p>\n<p><a href=\"http:\/\/dennytorres.files.wordpress.com\/2011\/07\/gcal-redesign-640-500x215.png\"><img fetchpriority=\"high\" decoding=\"async\" class=\"aligncenter size-full wp-image-5814\" title=\"gcal-redesign-640-500x215\" src=\"http:\/\/dennytorres.files.wordpress.com\/2011\/07\/gcal-redesign-640-500x215.png\" alt=\"\" width=\"500\" height=\"215\" \/><\/a><\/p>\n<p><a href=\"http:\/\/dennytorres.files.wordpress.com\/2011\/07\/gmailnew-gmail-500x224.jpg\"><img decoding=\"async\" class=\"aligncenter size-full wp-image-5815\" title=\"gmailnew-gmail+-500x224\" src=\"http:\/\/dennytorres.files.wordpress.com\/2011\/07\/gmailnew-gmail-500x224.jpg\" alt=\"\" width=\"500\" height=\"224\" \/><\/a><\/p>\n<p>O novo layout reflete o novo sistema da empresa, na tentativa de integrar bons servi\u00e7os a um design mais maduro.<\/p>\n<p>O Google Agenda deve ser apresentado em breve. Enquanto isso, o novo tema do Gmail pode ser encontrado sob o nome de \u201cPreview\u201d nas configura\u00e7\u00f5es de tema do servi\u00e7o de e-mails.<\/p><\/blockquote>\n<p>Fonte: <strong><a href=\"http:\/\/showmetech.com.br\/?p=15466\" target=\"_blank\" rel=\"noopener\">Showmetech<\/a><\/strong><\/p>\n","protected":false},"excerpt":{"rendered":"<p>As novidades do Google+ n\u00e3o param pelo campo das redes sociais. Ao que parece, diversos servi\u00e7os da Google est\u00e3o sendo repaginados. \u00c9 o caso do Google Agenda e do Gmail. Veja abaixo: O novo layout reflete o novo sistema da empresa, na tentativa de integrar bons servi\u00e7os a um design mais maduro. O Google Agenda [&hellip;]<\/p>\n","protected":false},"author":1,"featured_media":0,"comment_status":"open","ping_status":"open","sticky":false,"template":"","format":"standard","meta":{"footnotes":""},"categories":[577],"tags":[1993,1994,988,345],"class_list":["post-5813","post","type-post","status-publish","format-standard","hentry","category-noticias","tag-agenda","tag-calendar","tag-gmail","tag-google"],"_links":{"self":[{"href":"https:\/\/dennytorres.com\/site\/wp-json\/wp\/v2\/posts\/5813","targetHints":{"allow":["GET"]}}],"collection":[{"href":"https:\/\/dennytorres.com\/site\/wp-json\/wp\/v2\/posts"}],"about":[{"href":"https:\/\/dennytorres.com\/site\/wp-json\/wp\/v2\/types\/post"}],"author":[{"embeddable":true,"href":"https:\/\/dennytorres.com\/site\/wp-json\/wp\/v2\/users\/1"}],"replies":[{"embeddable":true,"href":"https:\/\/dennytorres.com\/site\/wp-json\/wp\/v2\/comments?post=5813"}],"version-history":[{"count":0,"href":"https:\/\/dennytorres.com\/site\/wp-json\/wp\/v2\/posts\/5813\/revisions"}],"wp:attachment":[{"href":"https:\/\/dennytorres.com\/site\/wp-json\/wp\/v2\/media?parent=5813"}],"wp:term":[{"taxonomy":"category","embeddable":true,"href":"https:\/\/dennytorres.com\/site\/wp-json\/wp\/v2\/categories?post=5813"},{"taxonomy":"post_tag","embeddable":true,"href":"https:\/\/dennytorres.com\/site\/wp-json\/wp\/v2\/tags?post=5813"}],"curies":[{"name":"wp","href":"https:\/\/api.w.org\/{rel}","templated":true}]}}