{"id":5928,"date":"2011-07-30T14:55:38","date_gmt":"2011-07-30T17:55:38","guid":{"rendered":"http:\/\/dennytorres.com\/?p=5928"},"modified":"2011-07-30T14:55:38","modified_gmt":"2011-07-30T17:55:38","slug":"conceito-de-smartphone-com-leitura-por-braille","status":"publish","type":"post","link":"https:\/\/dennytorres.com\/site\/conceito-de-smartphone-com-leitura-por-braille\/","title":{"rendered":"Conceito de Smartphone com leitura por braille"},"content":{"rendered":"<blockquote><p>Os designers sul-coreanos Youngseong Kim e Eunsol Yeom acharam que j\u00e1 estava na hora da ind\u00fastria eletroeletr\u00f4nica investir em outros segmentos da sociedade. Eles criaram um smartphone adaptado para pessoas com defici\u00eancia visual.<\/p>\n<p>No lugar do teclado, o usu\u00e1rio encontra um sistema alfab\u00e9tico e num\u00e9rico em braile, o que torna mais f\u00e1cil a comunica\u00e7\u00e3o entre os deficientes visuais. O aparelho \u00e9 apenas um conceito e foi batizado de Voim, que, traduzido do coreano, significa ver.<\/p>\n<p>Al\u00e9m de GPS, o smartphone tem um software para reconhecimento de palavras e identifica\u00e7\u00e3o de objetos, que os exibe em braile, numa tela de silicone ou transmitidos como sinais de \u00e1udio atrav\u00e9s do fone de ouvido Bluetooth.<\/p><\/blockquote>\n<p><a href=\"http:\/\/dennytorres.files.wordpress.com\/2011\/07\/voim_01.jpg\"><img fetchpriority=\"high\" decoding=\"async\" class=\"aligncenter size-full wp-image-5929\" title=\"voim_01\" src=\"http:\/\/dennytorres.files.wordpress.com\/2011\/07\/voim_01.jpg\" alt=\"\" width=\"587\" height=\"587\" \/><\/a><\/p>\n<p><a href=\"http:\/\/dennytorres.files.wordpress.com\/2011\/07\/voim_02.jpg\"><img decoding=\"async\" class=\"aligncenter size-full wp-image-5930\" title=\"voim_02\" src=\"http:\/\/dennytorres.files.wordpress.com\/2011\/07\/voim_02.jpg\" alt=\"\" width=\"587\" height=\"587\" \/><\/a><\/p>\n<p><a href=\"http:\/\/dennytorres.files.wordpress.com\/2011\/07\/voim_03.jpg\"><img decoding=\"async\" class=\"aligncenter size-full wp-image-5931\" title=\"voim_03\" src=\"http:\/\/dennytorres.files.wordpress.com\/2011\/07\/voim_03.jpg\" alt=\"\" width=\"587\" height=\"587\" \/><\/a><\/p>\n<p>Fonte: <strong><a href=\"http:\/\/deficientealerta.blogspot.com\/2010\/12\/voim-o-smartphone-para-pessoas-com.html\" target=\"_blank\" rel=\"noopener\">Deficientealerta<\/a><\/strong><\/p>\n","protected":false},"excerpt":{"rendered":"<p>Os designers sul-coreanos Youngseong Kim e Eunsol Yeom acharam que j\u00e1 estava na hora da ind\u00fastria eletroeletr\u00f4nica investir em outros segmentos da sociedade. Eles criaram um smartphone adaptado para pessoas com defici\u00eancia visual. No lugar do teclado, o usu\u00e1rio encontra um sistema alfab\u00e9tico e num\u00e9rico em braile, o que torna mais f\u00e1cil a comunica\u00e7\u00e3o entre [&hellip;]<\/p>\n","protected":false},"author":1,"featured_media":0,"comment_status":"open","ping_status":"open","sticky":false,"template":"","format":"standard","meta":{"footnotes":""},"categories":[84,577,104],"tags":[2035,464,2036],"class_list":["post-5928","post","type-post","status-publish","format-standard","hentry","category-curiosidades","category-noticias","category-novas-tecnologias","tag-acessibilidade","tag-visual","tag-voim"],"_links":{"self":[{"href":"https:\/\/dennytorres.com\/site\/wp-json\/wp\/v2\/posts\/5928","targetHints":{"allow":["GET"]}}],"collection":[{"href":"https:\/\/dennytorres.com\/site\/wp-json\/wp\/v2\/posts"}],"about":[{"href":"https:\/\/dennytorres.com\/site\/wp-json\/wp\/v2\/types\/post"}],"author":[{"embeddable":true,"href":"https:\/\/dennytorres.com\/site\/wp-json\/wp\/v2\/users\/1"}],"replies":[{"embeddable":true,"href":"https:\/\/dennytorres.com\/site\/wp-json\/wp\/v2\/comments?post=5928"}],"version-history":[{"count":0,"href":"https:\/\/dennytorres.com\/site\/wp-json\/wp\/v2\/posts\/5928\/revisions"}],"wp:attachment":[{"href":"https:\/\/dennytorres.com\/site\/wp-json\/wp\/v2\/media?parent=5928"}],"wp:term":[{"taxonomy":"category","embeddable":true,"href":"https:\/\/dennytorres.com\/site\/wp-json\/wp\/v2\/categories?post=5928"},{"taxonomy":"post_tag","embeddable":true,"href":"https:\/\/dennytorres.com\/site\/wp-json\/wp\/v2\/tags?post=5928"}],"curies":[{"name":"wp","href":"https:\/\/api.w.org\/{rel}","templated":true}]}}