{"id":6059,"date":"2011-09-21T22:33:06","date_gmt":"2011-09-22T01:33:06","guid":{"rendered":"http:\/\/dennytorres.com\/?p=6059"},"modified":"2011-09-21T22:33:06","modified_gmt":"2011-09-22T01:33:06","slug":"a-presidente-ou-a-presidenta","status":"publish","type":"post","link":"https:\/\/dennytorres.com\/site\/a-presidente-ou-a-presidenta\/","title":{"rendered":"A presidente ou a presidenta?"},"content":{"rendered":"<p><a href=\"http:\/\/dennytorres.files.wordpress.com\/2011\/09\/pasquale.jpg\"><img fetchpriority=\"high\" decoding=\"async\" class=\"aligncenter size-full wp-image-6060\" title=\"pasquale\" src=\"http:\/\/dennytorres.files.wordpress.com\/2011\/09\/pasquale.jpg\" alt=\"\" width=\"400\" height=\"400\" \/><\/a><\/p>\n<blockquote><p><strong>O professor PASQUALE CIPRO NETO tira a d\u00favida.<\/strong><br \/>\nQue t\u00eam em comum palavras como \u201cpedinte\u201d, \u201cagente\u201d, \u201cfluente\u201d, \u201cgerente\u201d, \u201ccaminhante\u201d, \u201cdirigente\u201d etc.? N\u00e3o \u00e9 dif\u00edcil, \u00e9? O ponto em comum \u00e9 a termina\u00e7\u00e3o \u201c-nte\u201d, de origem latina. Essa termina\u00e7\u00e3o ocorre no partic\u00edpio presente de verbos portugueses, italianos, espanh\u00f3is\u2026<br \/>\nTermos como \u201cpresidente\u201d, \u201cdirigente\u201d, \u201cgerente\u201d, entre in\u00fameros outros, s\u00e3o iguaizinhos nas tr\u00eas l\u00ednguas, que, \u00e9 sempre bom lembrar, nasceram do mesmo ventre. E que no\u00e7\u00e3o indica a termina\u00e7\u00e3o \u201c-nte\u201d? A de \u201cagente\u201d: gerente \u00e9 quem gere, presidente \u00e9 quem preside, dirigente \u00e9 quem dirige e assim por diante.<br \/>\nNormalmente essas palavras t\u00eam forma fixa, isto \u00e9, s\u00e3o iguais para o masculino e para o feminino; o que muda \u00e9 o artigo (o\/a gerente, o\/a dirigente, o\/a pagante, o\/a pedinte). Em alguns (raros) casos, o uso fixa como alternativas as formas exclusivamente femininas, em que o \u201ce\u201d final d\u00e1 lugar a um \u201ca\u201d. Um desses casos \u00e9 o de \u201cparenta\u201d, forma exclusivamente feminina e n\u00e3o obrigat\u00f3ria (pode-se dizer \u201cminha parente\u201d ou \u201cminha parenta\u201d, por exemplo). Outro desses casos \u00e9 justamente o de \u201cpresidenta\u201d: pode-se dizer \u201ca presidente\u201d ou \u201ca presidenta\u201d.<br \/>\nA esta altura algu\u00e9m talvez j\u00e1 esteja dizendo que, por ser a primeira presidente\/a do Brasil, Dilma Rousseff tem o direito de escolher. Sem d\u00favida nenhuma, ela tem esse e outros direitos. Se ela disser que quer ser chamada de \u201cpresidenta\u201d, que seja feita a sua vontade -por que n\u00e3o?<\/p><\/blockquote>\n<p>Fonte:\u00a0<strong><a href=\"http:\/\/palavrastodaspalavras.wordpress.com\/2011\/01\/25\/a-presidente-ou-a-presidenta-por-prof-pasquale-cipro-neto-sao-paulo\/\" target=\"_blank\" rel=\"noopener\">palavrastodaspalavras<\/a><\/strong><\/p>\n","protected":false},"excerpt":{"rendered":"<p>O professor PASQUALE CIPRO NETO tira a d\u00favida. Que t\u00eam em comum palavras como \u201cpedinte\u201d, \u201cagente\u201d, \u201cfluente\u201d, \u201cgerente\u201d, \u201ccaminhante\u201d, \u201cdirigente\u201d etc.? N\u00e3o \u00e9 dif\u00edcil, \u00e9? O ponto em comum \u00e9 a termina\u00e7\u00e3o \u201c-nte\u201d, de origem latina. Essa termina\u00e7\u00e3o ocorre no partic\u00edpio presente de verbos portugueses, italianos, espanh\u00f3is\u2026 Termos como \u201cpresidente\u201d, \u201cdirigente\u201d, \u201cgerente\u201d, entre in\u00fameros outros, [&hellip;]<\/p>\n","protected":false},"author":1,"featured_media":0,"comment_status":"open","ping_status":"open","sticky":false,"template":"","format":"standard","meta":{"footnotes":""},"categories":[84],"tags":[2088,574,2089,2090],"class_list":["post-6059","post","type-post","status-publish","format-standard","hentry","category-curiosidades","tag-pasquale","tag-portugues","tag-presidenta","tag-presidente"],"_links":{"self":[{"href":"https:\/\/dennytorres.com\/site\/wp-json\/wp\/v2\/posts\/6059","targetHints":{"allow":["GET"]}}],"collection":[{"href":"https:\/\/dennytorres.com\/site\/wp-json\/wp\/v2\/posts"}],"about":[{"href":"https:\/\/dennytorres.com\/site\/wp-json\/wp\/v2\/types\/post"}],"author":[{"embeddable":true,"href":"https:\/\/dennytorres.com\/site\/wp-json\/wp\/v2\/users\/1"}],"replies":[{"embeddable":true,"href":"https:\/\/dennytorres.com\/site\/wp-json\/wp\/v2\/comments?post=6059"}],"version-history":[{"count":0,"href":"https:\/\/dennytorres.com\/site\/wp-json\/wp\/v2\/posts\/6059\/revisions"}],"wp:attachment":[{"href":"https:\/\/dennytorres.com\/site\/wp-json\/wp\/v2\/media?parent=6059"}],"wp:term":[{"taxonomy":"category","embeddable":true,"href":"https:\/\/dennytorres.com\/site\/wp-json\/wp\/v2\/categories?post=6059"},{"taxonomy":"post_tag","embeddable":true,"href":"https:\/\/dennytorres.com\/site\/wp-json\/wp\/v2\/tags?post=6059"}],"curies":[{"name":"wp","href":"https:\/\/api.w.org\/{rel}","templated":true}]}}