{"id":6136,"date":"2011-10-05T21:11:19","date_gmt":"2011-10-06T00:11:19","guid":{"rendered":"https:\/\/dennytorres.wordpress.com\/2011\/10\/05\/morre-steve-jobs-fundador-da-apple\/"},"modified":"2011-10-05T21:11:19","modified_gmt":"2011-10-06T00:11:19","slug":"morre-steve-jobs-fundador-da-apple","status":"publish","type":"post","link":"https:\/\/dennytorres.com\/site\/morre-steve-jobs-fundador-da-apple\/","title":{"rendered":"Morre Steve Jobs, fundador da Apple"},"content":{"rendered":"<p><img decoding=\"async\" style=\"display:block;margin-right:auto;margin-left:auto;\" src=\"http:\/\/dennytorres.files.wordpress.com\/2011\/10\/wpid-jobs10-610x457.jpeg\" alt=\"image\" \/><\/p>\n<p>Morreu nesta quarta-feira (5) aos 56 anos o empres\u00e1rio Steven Paul Jobs, criador da Apple , do est\u00fadio de anima\u00e7\u00e3o Pixar e pai de produtos como o Macintosh, o iPad, o iPhone e o iPad. Idolatrado pelos consumidores de seus produtos e por boa parte dos funcion\u00e1rios da empresa que fundou em uma garagem no Vale do Sil\u00edcio, na Calif\u00f3rnia, e ajudou a transformar na maior companhia de capital aberto do mundo em valor de mercado, Jobs foi um dos maiores defensores da populariza\u00e7\u00e3o da tecnologia. Acreditava que computadores e gadgets deveriam ser f\u00e1ceis o suficiente para ser operados por qualquer pessoa, como gostava de repetir em um de seus bord\u00f5es prediletos era &#8220;simplesmente funciona&#8221; (em ingl\u00eas, &#8220;it just works&#8221;), impacto que foi al\u00e9m de sua companhia e ajudou a puxar a evolu\u00e7\u00e3o de produtos como o Windows, da Microsoft. A luta de Jobs contra o c\u00e2ncer desde 2004 o deixou fisicamente debilitado nos anos de maior sucesso comercial da Apple, que escapou da fal\u00eancia no final da d\u00e9cada de 90 para se transformar na maior empresa de tecnologia do planeta. Desde ent\u00e3o, passou por um transplante de f\u00edgado e viu seu obitu\u00e1rio publicado acidentalmente em ve\u00edculos importantes como a Bloomberg. Foi obrigado a lidar com a morte, que temia, como a maioria dos americanos de sua gera\u00e7\u00e3o, desde os dias de outubro de 1962 que marcaram o \u00e1pice da crise dos m\u00edsseis cubanos. &#8220;Fiquei sem dormir por tr\u00eas ou quatro noites porque temia que se eu fosse dormir n\u00e3o iria acordar&#8221;, contou, em 1995, ao museu de hist\u00f3ria oral do Instituto Smithsonian. &#8220;Ningu\u00e9m quer morrer&#8221;, disse, posteriormente, em discurso a formandos da universidade de Stanford em junho de 2005 , um feito curioso para um homem que jamais obteve um diploma universit\u00e1rio. &#8220;Mesmo as pessoas que querem ir para o c\u00e9u n\u00e3o querem morrer para chegar l\u00e1. E, por outro lado, a morte \u00e9 um destino do qual todos n\u00f3s compartilhamos. Ningu\u00e9m escapa. \u00c9 a forma como deve ser, porque a morte \u00e9 provavelmente a melhor inven\u00e7\u00e3o da vida. \u00c9 o agente da vida. Limpa o velho para dar espa\u00e7o ao novo.<span style=\"text-decoration:underline;\">&#8220;<\/span><\/p>\n<p><img decoding=\"async\" style=\"display:block;margin-right:auto;margin-left:auto;\" src=\"http:\/\/dennytorres.files.wordpress.com\/2011\/10\/wpid-home_apple.jpeg\" alt=\"image\" \/><\/p>\n","protected":false},"excerpt":{"rendered":"<p>Morreu nesta quarta-feira (5) aos 56 anos o empres\u00e1rio Steven Paul Jobs, criador da Apple , do est\u00fadio de anima\u00e7\u00e3o Pixar e pai de produtos como o Macintosh, o iPad, o iPhone e o iPad. Idolatrado pelos consumidores de seus produtos e por boa parte dos funcion\u00e1rios da empresa que fundou em uma garagem no [&hellip;]<\/p>\n","protected":false},"author":1,"featured_media":0,"comment_status":"open","ping_status":"open","sticky":false,"template":"","format":"standard","meta":{"footnotes":""},"categories":[104],"tags":[246,2109,2110],"class_list":["post-6136","post","type-post","status-publish","format-standard","hentry","category-novas-tecnologias","tag-apple","tag-morre","tag-steave-jobs"],"_links":{"self":[{"href":"https:\/\/dennytorres.com\/site\/wp-json\/wp\/v2\/posts\/6136","targetHints":{"allow":["GET"]}}],"collection":[{"href":"https:\/\/dennytorres.com\/site\/wp-json\/wp\/v2\/posts"}],"about":[{"href":"https:\/\/dennytorres.com\/site\/wp-json\/wp\/v2\/types\/post"}],"author":[{"embeddable":true,"href":"https:\/\/dennytorres.com\/site\/wp-json\/wp\/v2\/users\/1"}],"replies":[{"embeddable":true,"href":"https:\/\/dennytorres.com\/site\/wp-json\/wp\/v2\/comments?post=6136"}],"version-history":[{"count":0,"href":"https:\/\/dennytorres.com\/site\/wp-json\/wp\/v2\/posts\/6136\/revisions"}],"wp:attachment":[{"href":"https:\/\/dennytorres.com\/site\/wp-json\/wp\/v2\/media?parent=6136"}],"wp:term":[{"taxonomy":"category","embeddable":true,"href":"https:\/\/dennytorres.com\/site\/wp-json\/wp\/v2\/categories?post=6136"},{"taxonomy":"post_tag","embeddable":true,"href":"https:\/\/dennytorres.com\/site\/wp-json\/wp\/v2\/tags?post=6136"}],"curies":[{"name":"wp","href":"https:\/\/api.w.org\/{rel}","templated":true}]}}